{"id":104814,"date":"2019-07-15T12:59:49","date_gmt":"2019-07-15T15:59:49","guid":{"rendered":"http:\/\/www.caririemacao.com\/1\/?p=104814"},"modified":"2019-07-15T12:59:49","modified_gmt":"2019-07-15T15:59:49","slug":"brasil-precisa-de-quimioterapia-para-que-nao-pereca-diz-bolsonaro","status":"publish","type":"post","link":"https:\/\/www.caririemacao.com\/1\/2019\/07\/15\/brasil-precisa-de-quimioterapia-para-que-nao-pereca-diz-bolsonaro\/","title":{"rendered":"&#8220;Brasil precisa de quimioterapia para que n\u00e3o pere\u00e7a&#8221;, diz Bolsonaro"},"content":{"rendered":"\n<p>O presidente Jair Bolsonaro disse hoje (15) que \u201cjuntamente com parlamentares\u201d est\u00e1 resolvendo um problema do Brasil, em refer\u00eancia \u00e0 reforma da Previd\u00eancia, que est\u00e1 em tramita\u00e7\u00e3o na C\u00e2mara dos Deputados. \u201cO Brasil precisa de uma quimioterapia para que ele n\u00e3o pere\u00e7a. Alguns poucos ainda reagem, mas ser\u00e3o convencidos pelo povo e pela maioria dessa Casa. Deputados, senadores, n\u00f3s juntos poderemos, sim, mudar o destino do Brasil\u201d.<\/p>\n\n\n\n<p>Ap\u00f3s a aprova\u00e7\u00e3o em primeiro turno, a vota\u00e7\u00e3o em plen\u00e1rio do segundo turno da reforma da Previd\u00eancia come\u00e7a ap\u00f3s o recesso parlamentar, em 6 de agosto.<\/p>\n\n\n\n<p>Bolsonaro participou hoje (15) de uma sess\u00e3o solene, na C\u00e2mara dos Deputados, em homenagem aos 17 anos do Comando de Opera\u00e7\u00f5es Especiais do Ex\u00e9rcito Brasileiro. \u201cFeliz \u00e9 a na\u00e7\u00e3o que tem For\u00e7as Armadas e for\u00e7as auxiliares comprometidas com a democracia e a liberdade, mesmo com o sacrif\u00edcio da pr\u00f3pria vida ou com a destrui\u00e7\u00e3o da pr\u00f3pria reputa\u00e7\u00e3o. Pagamos para que nosso Brasil tenha um povo que possa servir seu destino e a esse povo devemos nossa absoluta lealdade\u201d.<\/p>\n\n\n\n<p>Ele destacou a atua\u00e7\u00e3o das for\u00e7as especiais na \u201cmiss\u00e3o de bem zelar pelo pa\u00eds\u201d. \u201cSabemos que grande parte das miss\u00f5es ningu\u00e9m toma conhecimento. Melhor do que uma boa informa\u00e7\u00e3o \u00e9 saber como utiliz\u00e1-las, melhor que uma boa opera\u00e7\u00e3o \u00e9 ter meios distra\u00e7\u00e3o para que o inimigo n\u00e3o ouse nos afrontar\u201d.<\/p>\n\n\n\n<h2 class=\"wp-block-heading\">Embaixada no EUA<\/h2>\n\n\n\n<p>Durante seu discurso, o presidente Bolsonaro disse que, se a possibilidade de indicar o seu filho, o deputado federal Eduardo Bolsonaro (PSL-SP), para assumir a embaixada do Brasil em Washington est\u00e1 sendo criticada, &#8220;\u00e9 sinal que \u00e9 a pessoa adequada&#8221;. \u201cPor vezes temos que tomar decis\u00f5es que n\u00e3o agradam a todos, como a possibilidade de indicar para embaixada do Brasil nos Estados Unidos um filho meu, t\u00e3o criticado pela m\u00eddia. Se est\u00e1 sendo criticado \u00e9 sinal que \u00e9 a pessoa adequada\u201d.<\/p>\n\n\n\n<p>A indica\u00e7\u00e3o do deputado como embaixador do Brasil foi cogitada por&nbsp;<a href=\"http:\/\/agenciabrasil.ebc.com.br\/politica\/noticia\/2019-07\/bolsonaro-cogita-indicar-o-filho-para-ser-embaixador-nos-eua\" target=\"_blank\" rel=\"noreferrer noopener\">Bolsonaro<\/a>&nbsp;na semana passada. \u201cFoi aventada, sim, essa possibilidade. O garoto fala ingl\u00eas, espanhol, tem viv\u00eancia no mundo todo e \u00e9 amigo da fam\u00edlia do [presidente dos Estados Unidos] Donald Trump\u201d.<\/p>\n","protected":false},"excerpt":{"rendered":"<p>O presidente Jair Bolsonaro disse hoje (15) que \u201cjuntamente com parlamentares\u201d est\u00e1 resolvendo um problema do Brasil, em refer\u00eancia \u00e0 reforma da Previd\u00eancia, que est\u00e1&hellip; <\/p>\n","protected":false},"author":1,"featured_media":104815,"comment_status":"closed","ping_status":"closed","sticky":false,"template":"","format":"standard","meta":{"sfsi_plus_gutenberg_text_before_share":"","sfsi_plus_gutenberg_show_text_before_share":"","sfsi_plus_gutenberg_icon_type":"","sfsi_plus_gutenberg_icon_alignemt":"","sfsi_plus_gutenburg_max_per_row":"","footnotes":""},"categories":[11],"tags":[],"class_list":["post-104814","post","type-post","status-publish","format-standard","has-post-thumbnail","hentry","category-politica"],"_links":{"self":[{"href":"https:\/\/www.caririemacao.com\/1\/wp-json\/wp\/v2\/posts\/104814","targetHints":{"allow":["GET"]}}],"collection":[{"href":"https:\/\/www.caririemacao.com\/1\/wp-json\/wp\/v2\/posts"}],"about":[{"href":"https:\/\/www.caririemacao.com\/1\/wp-json\/wp\/v2\/types\/post"}],"author":[{"embeddable":true,"href":"https:\/\/www.caririemacao.com\/1\/wp-json\/wp\/v2\/users\/1"}],"replies":[{"embeddable":true,"href":"https:\/\/www.caririemacao.com\/1\/wp-json\/wp\/v2\/comments?post=104814"}],"version-history":[{"count":1,"href":"https:\/\/www.caririemacao.com\/1\/wp-json\/wp\/v2\/posts\/104814\/revisions"}],"predecessor-version":[{"id":104816,"href":"https:\/\/www.caririemacao.com\/1\/wp-json\/wp\/v2\/posts\/104814\/revisions\/104816"}],"wp:featuredmedia":[{"embeddable":true,"href":"https:\/\/www.caririemacao.com\/1\/wp-json\/wp\/v2\/media\/104815"}],"wp:attachment":[{"href":"https:\/\/www.caririemacao.com\/1\/wp-json\/wp\/v2\/media?parent=104814"}],"wp:term":[{"taxonomy":"category","embeddable":true,"href":"https:\/\/www.caririemacao.com\/1\/wp-json\/wp\/v2\/categories?post=104814"},{"taxonomy":"post_tag","embeddable":true,"href":"https:\/\/www.caririemacao.com\/1\/wp-json\/wp\/v2\/tags?post=104814"}],"curies":[{"name":"wp","href":"https:\/\/api.w.org\/{rel}","templated":true}]}}