{"id":104821,"date":"2019-07-15T13:02:51","date_gmt":"2019-07-15T16:02:51","guid":{"rendered":"http:\/\/www.caririemacao.com\/1\/?p=104821"},"modified":"2019-07-15T13:02:51","modified_gmt":"2019-07-15T16:02:51","slug":"mourao-defende-reforma-politica-apos-a-conclusao-da-previdencia","status":"publish","type":"post","link":"https:\/\/www.caririemacao.com\/1\/2019\/07\/15\/mourao-defende-reforma-politica-apos-a-conclusao-da-previdencia\/","title":{"rendered":"Mour\u00e3o defende reforma pol\u00edtica ap\u00f3s a conclus\u00e3o da Previd\u00eancia"},"content":{"rendered":"\n<p>O vice-presidente Hamilton Mour\u00e3o defendeu hoje (15), que, ap\u00f3s aprova\u00e7\u00e3o da reforma da Previd\u00eancia, o pr\u00f3ximo passo do Congresso deve ser a reforma pol\u00edtica. De acordo com Mour\u00e3o, o Brasil n\u00e3o tem um sistema pol\u00edtico e isso \u00e9 dif\u00edcil de conceber tal a fragmenta\u00e7\u00e3o partid\u00e1ria.<\/p>\n\n\n\n<p>\u201cHoje, l\u00e1 dentro do Congresso, na C\u00e2mara dos Deputados, temos 26 partidos representados, apenas dois partidos t\u00eam mais de 50 deputados, em torno de sete t\u00eam entre 30 e 40 e o restante s\u00e3o partidos com dez ou oito deputados, ent\u00e3o, \u00e9 extremamente fragmentado o nosso Congresso, n\u00e3o \u00e9 f\u00e1cil lidar com isso a\u00ed. Os partidos deixaram de representar o pensamento da sociedade como um todo. Acho que todos aqui entendem perfeitamente que o ideal \u00e9 que tiv\u00e9ssemos cinco partidos, quando muito sete, que representassem as diferentes esp\u00e9cies de pensamento que temos dentro da nossa sociedade\u201d, disse ao participar da abertura do II Rio Money Forum, na Funda\u00e7\u00e3o Getulio Vargas (FGV).<\/p>\n\n\n\n<p>O vice-presidente defende o sistema pol\u00edtico com voto distrital, que ,para ele, seria tamb\u00e9m uma forma de baratear as elei\u00e7\u00f5es. \u201c\u00c9 a minha opini\u00e3o para a elei\u00e7\u00e3o ficar mais barata\u201d.<\/p>\n\n\n\n<h2 class=\"wp-block-heading\">Problemas<\/h2>\n\n\n\n<p>Mour\u00e3o disse que o governo Bolsonaro assumiu tendo que atacar dois grandes problemas da economia brasileira, que s\u00e3o a quest\u00e3o fiscal e a agenda de produtividade. \u201cNa quest\u00e3o fiscal, teve que buscar o equil\u00edbrio. Ent\u00e3o, qual era a primeira coisa para buscar o equil\u00edbrio fiscal? A reforma da Previd\u00eancia. Felizmente ela est\u00e1 encaminhada. N\u00e3o da forma como n\u00f3s, governo, gostar\u00edamos, mas existe um velho aforismo no meio militar que diz que o \u00f3timo \u00e9 inimigo do bom. Ent\u00e3o, vamos ter uma reforma boa, n\u00e3o uma \u00f3tima. Daqui a cinco, seis anos, n\u00f3s vamos estar novamente discutindo isso a\u00ed. Agora, n\u00e3o poder\u00edamos passar por cima disso a\u00ed de forma nenhuma, sen\u00e3o a garotada que est\u00e1 aqui ia trabalhar at\u00e9 o fim da sua vida\u201d, disse.<\/p>\n\n\n\n<p>Para o vice-presidente, a reforma da Previd\u00eancia n\u00e3o \u00e9 a solu\u00e7\u00e3o dos problemas, mas a abertura para resolver a quest\u00e3o fiscal e a retomada da economia. \u201c\u00c9 como se o Brasil estivesse dentro de uma garrafa e o gargalo \u00e9 a reforma da Previd\u00eancia. Temos que sair por esse gargalo para que se crie um ambiente de estabilidade, e estabilidade gera confian\u00e7a. \u00c9 isso que est\u00e1 sendo buscado\u201d.<\/p>\n\n\n\n<p>Mour\u00e3o acrescentou que outra forma de resolver o desn\u00edvel fiscal \u00e9 a venda de estatais. \u201cSe a empresa est\u00e1 dando preju\u00edzo, e o governo n\u00e3o tem condi\u00e7\u00e3o de arcar com aquilo, tem que vender. Ent\u00e3o, vamos privatizar aquilo que deve ser privatizado\u201d, disse, ressaltando ainda que n\u00e3o haver\u00e1 contrata\u00e7\u00f5es.<\/p>\n\n\n\n<p>\u201cN\u00e3o vamos contratar ningu\u00e9m pelos pr\u00f3ximos anos. Vamos fazer uma diminui\u00e7\u00e3o do tamanho do Estado, de forma branda. A medida que as pessoas forem se aposentando n\u00e3o vamos contratar ningu\u00e9m at\u00e9 que a gente consiga equilibrar as nossas contas\u201d.<\/p>\n\n\n\n<h2 class=\"wp-block-heading\">Produtividade<\/h2>\n\n\n\n<p>Mour\u00e3o defendeu uma agenda de produtividade, que passa pela infraestrutura do pa\u00eds. \u201cN\u00f3s temos uma das mais baixas produtividades do mundo. Temos uma infraestrutura que parou no tempo. Grande parte do que temos hoje foi constru\u00eddo no tempo do governo militar, depois n\u00e3o se construiu mais nada. Nossas estradas, tudo mundo sabe como elas s\u00e3o, ferrovias sumiram, portos, aeroportos. N\u00f3s temos navega\u00e7\u00e3o de cabotagem. Temos um litoral de 7.500 quil\u00f4metros cheios de portos e transportamos uma carga do Rio Grande do Sul para o Rio Grande do Norte em lombo de caminh\u00e3o. Essa nossa infraestrutura tem que ser melhorada\u201d, defendeu.<\/p>\n\n\n\n<p>O vice-presidente defendeu tamb\u00e9m a reforma tribut\u00e1ria. \u201cTemos uma um sistema tribut\u00e1rio ca\u00f3tico. Estamos pagando hoje 32%, 33% do PIB de impostos. Isso penaliza os mais pobres. Porque os impostos incidem na comida e na bebida. A turma mais pobre \u00e9 que sofre com essa carga. Temos que organizar o sistema, porque h\u00e1 uma quantidade de impostos\u201d, disse, lembrando que h\u00e1 diferentes propostas na C\u00e2mara e no Senado, al\u00e9m da defendida pelo governo.<\/p>\n","protected":false},"excerpt":{"rendered":"<p>O vice-presidente Hamilton Mour\u00e3o defendeu hoje (15), que, ap\u00f3s aprova\u00e7\u00e3o da reforma da Previd\u00eancia, o pr\u00f3ximo passo do Congresso deve ser a reforma pol\u00edtica. De&hellip; <\/p>\n","protected":false},"author":1,"featured_media":86540,"comment_status":"closed","ping_status":"closed","sticky":false,"template":"","format":"standard","meta":{"sfsi_plus_gutenberg_text_before_share":"","sfsi_plus_gutenberg_show_text_before_share":"","sfsi_plus_gutenberg_icon_type":"","sfsi_plus_gutenberg_icon_alignemt":"","sfsi_plus_gutenburg_max_per_row":"","footnotes":""},"categories":[11],"tags":[],"class_list":["post-104821","post","type-post","status-publish","format-standard","has-post-thumbnail","hentry","category-politica"],"_links":{"self":[{"href":"https:\/\/www.caririemacao.com\/1\/wp-json\/wp\/v2\/posts\/104821","targetHints":{"allow":["GET"]}}],"collection":[{"href":"https:\/\/www.caririemacao.com\/1\/wp-json\/wp\/v2\/posts"}],"about":[{"href":"https:\/\/www.caririemacao.com\/1\/wp-json\/wp\/v2\/types\/post"}],"author":[{"embeddable":true,"href":"https:\/\/www.caririemacao.com\/1\/wp-json\/wp\/v2\/users\/1"}],"replies":[{"embeddable":true,"href":"https:\/\/www.caririemacao.com\/1\/wp-json\/wp\/v2\/comments?post=104821"}],"version-history":[{"count":1,"href":"https:\/\/www.caririemacao.com\/1\/wp-json\/wp\/v2\/posts\/104821\/revisions"}],"predecessor-version":[{"id":104822,"href":"https:\/\/www.caririemacao.com\/1\/wp-json\/wp\/v2\/posts\/104821\/revisions\/104822"}],"wp:featuredmedia":[{"embeddable":true,"href":"https:\/\/www.caririemacao.com\/1\/wp-json\/wp\/v2\/media\/86540"}],"wp:attachment":[{"href":"https:\/\/www.caririemacao.com\/1\/wp-json\/wp\/v2\/media?parent=104821"}],"wp:term":[{"taxonomy":"category","embeddable":true,"href":"https:\/\/www.caririemacao.com\/1\/wp-json\/wp\/v2\/categories?post=104821"},{"taxonomy":"post_tag","embeddable":true,"href":"https:\/\/www.caririemacao.com\/1\/wp-json\/wp\/v2\/tags?post=104821"}],"curies":[{"name":"wp","href":"https:\/\/api.w.org\/{rel}","templated":true}]}}