{"id":104824,"date":"2019-07-15T13:06:26","date_gmt":"2019-07-15T16:06:26","guid":{"rendered":"http:\/\/www.caririemacao.com\/1\/?p=104824"},"modified":"2019-07-15T13:06:26","modified_gmt":"2019-07-15T16:06:26","slug":"empreender-paraiba-abre-inscricoes-para-17-municipios-nesta-segunda-feira-15","status":"publish","type":"post","link":"https:\/\/www.caririemacao.com\/1\/2019\/07\/15\/empreender-paraiba-abre-inscricoes-para-17-municipios-nesta-segunda-feira-15\/","title":{"rendered":"Empreender Para\u00edba abre inscri\u00e7\u00f5es para 17 munic\u00edpios nesta segunda-feira (15)"},"content":{"rendered":"\n<p>O Programa Empreender Para\u00edba abre, nesta segunda-feira (15), a partir das 14h, as inscri\u00e7\u00f5es para concess\u00e3o de cr\u00e9dito destinadas aos munic\u00edpios da 6\u00aa e 7\u00aa regi\u00f5es do Estado. As cidades de Desterro, S\u00e3o Jos\u00e9 do Sabugi, Emas, Malta, Salgadinho, S\u00e3o Jos\u00e9 de Espinharas, S\u00e3o Jos\u00e9 do Bonfim, S\u00e3o Mamede, Teixeira, Aguiar, Concei\u00e7\u00e3o, Curral Velho, Diamante, Nova Olinda, Santana de Mangueira, Santana dos Garrotes e S\u00e3o Jos\u00e9 de Caiana, t\u00eam 30 vagas dispon\u00edvel para cada uma.<\/p>\n\n\n\n<p>As vagas s\u00e3o destinadas aos empreendedores que desejam iniciar o seu pr\u00f3prio neg\u00f3cio ou a amplia\u00e7\u00e3o de um j\u00e1 existente. As inscri\u00e7\u00f5es ser\u00e3o feitas no&nbsp;<a href=\"http:\/\/www.empreender.pb.gov.br\/\" target=\"_blank\" rel=\"noreferrer noopener\">site do Empreender<\/a>&nbsp;e podem ser realizadas por pessoas f\u00edsicas maiores de 18 anos, legalmente emancipadas e que residam na Para\u00edba h\u00e1 pelo menos seis meses.<\/p>\n\n\n\n<p>Os empreendedores que forem realizar o cadastro devem estar atentos \u00e0 documenta\u00e7\u00e3o exigida pelo Empreender no ato da inscri\u00e7\u00e3o, em formato de PDF: RG, CPF, comprovante de resid\u00eancia e conta banc\u00e1ria (conta corrente: todos os bancos; conta poupan\u00e7a: apenas Caixa Econ\u00f4mica, opera\u00e7\u00e3o 013).<\/p>\n\n\n\n<p>Caso o participante possua de 18 a 29 anos, \u00e9 necess\u00e1rio o documento frente e verso comprobat\u00f3rio de escolaridade. Se o empreendedor possuir curso t\u00e9cnico\/superior e deseja investir na sua profiss\u00e3o, \u00e9 obrigat\u00f3rio apresentar o certificado de conclus\u00e3o do curso<\/p>\n","protected":false},"excerpt":{"rendered":"<p>O Programa Empreender Para\u00edba abre, nesta segunda-feira (15), a partir das 14h, as inscri\u00e7\u00f5es para concess\u00e3o de cr\u00e9dito destinadas aos munic\u00edpios da 6\u00aa e 7\u00aa&hellip; <\/p>\n","protected":false},"author":1,"featured_media":66745,"comment_status":"closed","ping_status":"closed","sticky":false,"template":"","format":"standard","meta":{"sfsi_plus_gutenberg_text_before_share":"","sfsi_plus_gutenberg_show_text_before_share":"","sfsi_plus_gutenberg_icon_type":"","sfsi_plus_gutenberg_icon_alignemt":"","sfsi_plus_gutenburg_max_per_row":"","footnotes":""},"categories":[6,50],"tags":[],"class_list":["post-104824","post","type-post","status-publish","format-standard","has-post-thumbnail","hentry","category-cidades","category-destaque"],"_links":{"self":[{"href":"https:\/\/www.caririemacao.com\/1\/wp-json\/wp\/v2\/posts\/104824","targetHints":{"allow":["GET"]}}],"collection":[{"href":"https:\/\/www.caririemacao.com\/1\/wp-json\/wp\/v2\/posts"}],"about":[{"href":"https:\/\/www.caririemacao.com\/1\/wp-json\/wp\/v2\/types\/post"}],"author":[{"embeddable":true,"href":"https:\/\/www.caririemacao.com\/1\/wp-json\/wp\/v2\/users\/1"}],"replies":[{"embeddable":true,"href":"https:\/\/www.caririemacao.com\/1\/wp-json\/wp\/v2\/comments?post=104824"}],"version-history":[{"count":1,"href":"https:\/\/www.caririemacao.com\/1\/wp-json\/wp\/v2\/posts\/104824\/revisions"}],"predecessor-version":[{"id":104825,"href":"https:\/\/www.caririemacao.com\/1\/wp-json\/wp\/v2\/posts\/104824\/revisions\/104825"}],"wp:featuredmedia":[{"embeddable":true,"href":"https:\/\/www.caririemacao.com\/1\/wp-json\/wp\/v2\/media\/66745"}],"wp:attachment":[{"href":"https:\/\/www.caririemacao.com\/1\/wp-json\/wp\/v2\/media?parent=104824"}],"wp:term":[{"taxonomy":"category","embeddable":true,"href":"https:\/\/www.caririemacao.com\/1\/wp-json\/wp\/v2\/categories?post=104824"},{"taxonomy":"post_tag","embeddable":true,"href":"https:\/\/www.caririemacao.com\/1\/wp-json\/wp\/v2\/tags?post=104824"}],"curies":[{"name":"wp","href":"https:\/\/api.w.org\/{rel}","templated":true}]}}