{"id":104828,"date":"2019-07-15T13:09:20","date_gmt":"2019-07-15T16:09:20","guid":{"rendered":"http:\/\/www.caririemacao.com\/1\/?p=104828"},"modified":"2019-07-15T13:09:20","modified_gmt":"2019-07-15T16:09:20","slug":"peregrinacao-de-nossa-sra-dos-milagres-tem-inicio-nesta-segunda-e-imagem-passara-por-varias-cidades-do-cariri-confira-a-programacao","status":"publish","type":"post","link":"https:\/\/www.caririemacao.com\/1\/2019\/07\/15\/peregrinacao-de-nossa-sra-dos-milagres-tem-inicio-nesta-segunda-e-imagem-passara-por-varias-cidades-do-cariri-confira-a-programacao\/","title":{"rendered":"Peregrina\u00e7\u00e3o de Nossa Sra. dos Milagres tem in\u00edcio nesta segunda e imagem passar\u00e1 por v\u00e1rias cidades do Cariri; CONFIRA A PROGRAMA\u00c7\u00c3O"},"content":{"rendered":"\n<p>A peregrina\u00e7\u00e3o da imagem de Nossa Senhora dos Milagres seguir\u00e1 em caminhada a partir desta segunda-feira, dia 15 de julho, pelos v\u00e1rios \u2018recantos\u2019 do Cariri paraibano. A tamanha f\u00e9 e devo\u00e7\u00e3o dos fi\u00e9is cat\u00f3licos depositadas na M\u00e3e dos Milagres fez com que o santu\u00e1rio de S\u00e3o Jo\u00e3o do Cariri levasse a imagem para visitar as par\u00f3quias de toda a regi\u00e3o, na qual j\u00e1 se tornou uma tradi\u00e7\u00e3o e prepara\u00e7\u00e3o para a sua tradicional Festa dos Milagres.<\/p>\n\n\n\n<p>A visita da santa \u00e9 sempre acompanhada de uma programa\u00e7\u00e3o especial organizada pela pr\u00f3pria par\u00f3quia local e \u00e9 acompanhada pelo reitor do santu\u00e1rio, padre Assis Meira. Em cada celebra\u00e7\u00e3o, os devotos fazem preces, agradecem pelas gra\u00e7as alcan\u00e7adas e renovam a f\u00e9 na M\u00e3e Intercessora, a Senhora dos Milagres.<\/p>\n\n\n\n<p>Neste ano de 2019, a peregrina\u00e7\u00e3o acontecer\u00e1 entre os dias 15 de julho a 30 de agosto, momento em que a imagem volta para S\u00e3o Jo\u00e3o do Cariri e abre oficialmente a tradicional festa de Nossa Senhora dos Milagres.<\/p>\n\n\n\n<p><strong>CONFIRA A PROGRAMA\u00c7\u00c3O DA PEREGRINA\u00c7\u00c3O:<\/strong><\/p>\n\n\n\n<p>15.07 \u2013 Sair\u00e1 do Santu\u00e1rio para a comunidade do Picoito e Balan\u00e7o<\/p>\n\n\n\n<p>16.07&nbsp; \u2013 Comunidade do Uru\u00e7u<\/p>\n\n\n\n<p>17.07 \u2013 Comunidade dos Mares<\/p>\n\n\n\n<p>18.07 \u2013 Comunidade da Macambira<\/p>\n\n\n\n<p>19.08&nbsp; \u2013Comunidade da Ribeira de Cabaceiras<\/p>\n\n\n\n<p>20 e 21 .08 \u2013 Comunidade de Po\u00e7o das Pedras<\/p>\n\n\n\n<p>22.08 \u2013 Comunidade do Curral do Meio<\/p>\n\n\n\n<p>23.08 \u2013 Comunidade do Alagamar<\/p>\n\n\n\n<p>24.08&nbsp; \u2013 Comunidade da Siriema<\/p>\n\n\n\n<p>25.08&nbsp; \u2013 Comunidade do Alto do Bel\u00e9m (cidade)<\/p>\n\n\n\n<p>26.08&nbsp; \u2013Distrito de Malhada da Ro\u00e7a<\/p>\n\n\n\n<p>27.08 \u2013&nbsp; Par\u00f3quia Bom Jesus dos Mart\u00edrios \u2013 Boa Vista -PB<\/p>\n\n\n\n<p>28.08 a 04.08&nbsp; \u2013 Cidades de Gurj\u00e3o e Santo Andr\u00e9<\/p>\n\n\n\n<p>04.08 a 11.08 \u2013&nbsp; Par\u00f3quias de Parari e de S\u00e3o Jos\u00e9 dos Cordeiros<\/p>\n\n\n\n<p>11.08 \u2013 Par\u00f3quia Nossa Senhora da Concei\u00e7\u00e3o \u2013 Tapero\u00e1 -PB<\/p>\n\n\n\n<p>12.08 \u2013 Par\u00f3quia Nossa Senhora do Livramento \u2013 PB<\/p>\n\n\n\n<p>13.08 a 15.08 \u2013 Par\u00f3quia Nossa Senhora da Concei\u00e7\u00e3o \u2013 Sum\u00e9 -PB<\/p>\n\n\n\n<p>15.08&nbsp; a 22.08 \u2013 Par\u00f3quia do Congo, Cara\u00fabas e o Distrito de Barreiras<\/p>\n\n\n\n<p>23.08 \u2013&nbsp; Cidade de Coxixola -PB<\/p>\n\n\n\n<p>24.08 a 29.08 \u2013 Par\u00f3quia de Nossa Senhora da Concei\u00e7\u00e3o \u2013 Serra Branca -PB<\/p>\n\n\n\n<p>No dia 30 de agosto, ser\u00e1 o momento auge da festa, onde a comunidade cat\u00f3lica de Serra Branca vir\u00e1 em grande carreata com a imagem de Nossa Senhora dos Milagres para a cidade de S\u00e3o Jo\u00e3o do Cariri, onde acontecer\u00e1 a abertura oficial da Festa da Padroeira, que este ano acontece dos dias 30 de agosto at\u00e9 o dia 08 de setembro, com a tradicional prociss\u00e3o de Nossa Senhora dos Milagres, que re\u00fane milhares de fies e devotos na cidade \u2018M\u00e3e do Cariri\u2019.<\/p>\n\n\n\n<p><strong>De Olho no Cariri<\/strong><\/p>\n\n\n\n<p><em>Foto: Guiga Moura<\/em><\/p>\n","protected":false},"excerpt":{"rendered":"<p>A peregrina\u00e7\u00e3o da imagem de Nossa Senhora dos Milagres seguir\u00e1 em caminhada a partir desta segunda-feira, dia 15 de julho, pelos v\u00e1rios \u2018recantos\u2019 do Cariri&hellip; <\/p>\n","protected":false},"author":1,"featured_media":104829,"comment_status":"closed","ping_status":"closed","sticky":false,"template":"","format":"standard","meta":{"sfsi_plus_gutenberg_text_before_share":"","sfsi_plus_gutenberg_show_text_before_share":"","sfsi_plus_gutenberg_icon_type":"","sfsi_plus_gutenberg_icon_alignemt":"","sfsi_plus_gutenburg_max_per_row":"","footnotes":""},"categories":[2],"tags":[],"class_list":["post-104828","post","type-post","status-publish","format-standard","has-post-thumbnail","hentry","category-geral"],"_links":{"self":[{"href":"https:\/\/www.caririemacao.com\/1\/wp-json\/wp\/v2\/posts\/104828","targetHints":{"allow":["GET"]}}],"collection":[{"href":"https:\/\/www.caririemacao.com\/1\/wp-json\/wp\/v2\/posts"}],"about":[{"href":"https:\/\/www.caririemacao.com\/1\/wp-json\/wp\/v2\/types\/post"}],"author":[{"embeddable":true,"href":"https:\/\/www.caririemacao.com\/1\/wp-json\/wp\/v2\/users\/1"}],"replies":[{"embeddable":true,"href":"https:\/\/www.caririemacao.com\/1\/wp-json\/wp\/v2\/comments?post=104828"}],"version-history":[{"count":1,"href":"https:\/\/www.caririemacao.com\/1\/wp-json\/wp\/v2\/posts\/104828\/revisions"}],"predecessor-version":[{"id":104830,"href":"https:\/\/www.caririemacao.com\/1\/wp-json\/wp\/v2\/posts\/104828\/revisions\/104830"}],"wp:featuredmedia":[{"embeddable":true,"href":"https:\/\/www.caririemacao.com\/1\/wp-json\/wp\/v2\/media\/104829"}],"wp:attachment":[{"href":"https:\/\/www.caririemacao.com\/1\/wp-json\/wp\/v2\/media?parent=104828"}],"wp:term":[{"taxonomy":"category","embeddable":true,"href":"https:\/\/www.caririemacao.com\/1\/wp-json\/wp\/v2\/categories?post=104828"},{"taxonomy":"post_tag","embeddable":true,"href":"https:\/\/www.caririemacao.com\/1\/wp-json\/wp\/v2\/tags?post=104828"}],"curies":[{"name":"wp","href":"https:\/\/api.w.org\/{rel}","templated":true}]}}