{"id":104833,"date":"2019-07-15T13:10:32","date_gmt":"2019-07-15T16:10:32","guid":{"rendered":"http:\/\/www.caririemacao.com\/1\/?p=104833"},"modified":"2019-07-15T13:10:32","modified_gmt":"2019-07-15T16:10:32","slug":"cpcon-divulga-gabarito-do-concurso-de-sao-domingos-do-cariri-e-disponibilizara-resultado-em-15-dias","status":"publish","type":"post","link":"https:\/\/www.caririemacao.com\/1\/2019\/07\/15\/cpcon-divulga-gabarito-do-concurso-de-sao-domingos-do-cariri-e-disponibilizara-resultado-em-15-dias\/","title":{"rendered":"CPCON divulga gabarito do concurso de S\u00e3o Domingos do Cariri e disponibilizar\u00e1 resultado em 15 dias"},"content":{"rendered":"\n<p>A Comiss\u00e3o de Vestibulares e Concursos da UEPB promoveu com sucesso as provas objetivas do concurso da Prefeitura de S\u00e3o Domingos do Cariri neste domingo (14).<\/p>\n\n\n\n<p>A CPCON publicou em sua p\u00e1gina na internet o gabarito oficial como tamb\u00e9m as provas aplicadas para os candidatos.<\/p>\n\n\n\n<p><a href=\"https:\/\/cpcon.uepb.edu.br\/concursos\/2019_pm_sao_domingos_do_cariri\/prova_gabarito_provisorio.html?fbclid=IwAR29jzHFbXCWd6go1W9H67FmmCfeJybvE59UNgSWHHVjjOBd4bwZGs6DHTo\">CLIQUE AQUI E VEJA O GABARITO<\/a><\/p>\n\n\n\n<p>Segundo a coordenadora da CPCON, professora Ana Alice, o concurso foi coroado de \u00eaxito, sem qualquer intercorr\u00eancia. Ela ainda confirmou que o edital ser\u00e1 seguido a risca e a previs\u00e3o \u00e9 de que no dia 02 de agosto o resultado preliminar seja anunciado.<\/p>\n","protected":false},"excerpt":{"rendered":"<p>A Comiss\u00e3o de Vestibulares e Concursos da UEPB promoveu com sucesso as provas objetivas do concurso da Prefeitura de S\u00e3o Domingos do Cariri neste domingo&hellip; <\/p>\n","protected":false},"author":1,"featured_media":36563,"comment_status":"closed","ping_status":"closed","sticky":false,"template":"","format":"standard","meta":{"sfsi_plus_gutenberg_text_before_share":"","sfsi_plus_gutenberg_show_text_before_share":"","sfsi_plus_gutenberg_icon_type":"","sfsi_plus_gutenberg_icon_alignemt":"","sfsi_plus_gutenburg_max_per_row":"","footnotes":""},"categories":[2],"tags":[],"class_list":["post-104833","post","type-post","status-publish","format-standard","has-post-thumbnail","hentry","category-geral"],"_links":{"self":[{"href":"https:\/\/www.caririemacao.com\/1\/wp-json\/wp\/v2\/posts\/104833","targetHints":{"allow":["GET"]}}],"collection":[{"href":"https:\/\/www.caririemacao.com\/1\/wp-json\/wp\/v2\/posts"}],"about":[{"href":"https:\/\/www.caririemacao.com\/1\/wp-json\/wp\/v2\/types\/post"}],"author":[{"embeddable":true,"href":"https:\/\/www.caririemacao.com\/1\/wp-json\/wp\/v2\/users\/1"}],"replies":[{"embeddable":true,"href":"https:\/\/www.caririemacao.com\/1\/wp-json\/wp\/v2\/comments?post=104833"}],"version-history":[{"count":1,"href":"https:\/\/www.caririemacao.com\/1\/wp-json\/wp\/v2\/posts\/104833\/revisions"}],"predecessor-version":[{"id":104834,"href":"https:\/\/www.caririemacao.com\/1\/wp-json\/wp\/v2\/posts\/104833\/revisions\/104834"}],"wp:featuredmedia":[{"embeddable":true,"href":"https:\/\/www.caririemacao.com\/1\/wp-json\/wp\/v2\/media\/36563"}],"wp:attachment":[{"href":"https:\/\/www.caririemacao.com\/1\/wp-json\/wp\/v2\/media?parent=104833"}],"wp:term":[{"taxonomy":"category","embeddable":true,"href":"https:\/\/www.caririemacao.com\/1\/wp-json\/wp\/v2\/categories?post=104833"},{"taxonomy":"post_tag","embeddable":true,"href":"https:\/\/www.caririemacao.com\/1\/wp-json\/wp\/v2\/tags?post=104833"}],"curies":[{"name":"wp","href":"https:\/\/api.w.org\/{rel}","templated":true}]}}