{"id":104838,"date":"2019-07-15T13:20:19","date_gmt":"2019-07-15T16:20:19","guid":{"rendered":"http:\/\/www.caririemacao.com\/1\/?p=104838"},"modified":"2019-07-15T13:20:19","modified_gmt":"2019-07-15T16:20:19","slug":"543-grandes-obras-na-area-da-educacao-estao-paradas","status":"publish","type":"post","link":"https:\/\/www.caririemacao.com\/1\/2019\/07\/15\/543-grandes-obras-na-area-da-educacao-estao-paradas\/","title":{"rendered":"543 grandes obras na \u00e1rea da educa\u00e7\u00e3o est\u00e3o paradas"},"content":{"rendered":"\n<p>\u00e1rea da educa\u00e7\u00e3o brasileira tem 543 grandes obras paradas, com contratos que superam R$ 3,6 bilh\u00f5es. O levantamento foi feito pela Associa\u00e7\u00e3o dos Membros dos Tribunais de Contas do Brasil (Atricon) e obtido pela GloboNews. Esses n\u00fameros foram compilados entre 15 de fevereiro e 15 de mar\u00e7o deste ano.<\/p>\n\n\n\n<p>Estas obras abrangem projetos que iniciaram a partir de 2009 e t\u00eam valores acima de R$ 1,5 milh\u00e3o, o que sugere que o valor usado pelo governo possa ser ainda maior.&nbsp;<\/p>\n\n\n\n<p>A Atricon afirma que mais de R$ 1,6 bilh\u00e3o j\u00e1 foram pagos pelas obras que hoje est\u00e3o paradas e, portanto, n\u00e3o est\u00e3o em uso pelos estudantes. Em junho, a associa\u00e7\u00e3o tamb\u00e9m divulgou um outro relat\u00f3rio que mostra um total de 2.555 grandes obras paradas no pa\u00eds, n\u00famero que envolve todas as \u00e1reas, sem o recorte educacional. O setor representa 21,3% desse total.<\/p>\n\n\n\n<p>Na quinta-feira (11), o Minist\u00e9rio da Educa\u00e7\u00e3o (MEC) lan\u00e7ou uma lista de compromissos para a educa\u00e7\u00e3o b\u00e1sica at\u00e9 2022. O texto inclui pontos como a constru\u00e7\u00e3o de 4,9 mil creches, amplia\u00e7\u00e3o da carga hor\u00e1ria de escolas p\u00fablicas, acesso \u00e0 internet em escolas rurais, entre outras medidas.<\/p>\n\n\n\n<p>Em resposta \u00e0 GloboNews, o minist\u00e9rio enviou a seguinte nota: Na Educa\u00e7\u00e3o B\u00e1sica, o Programa Nacional de Reestrutura\u00e7\u00e3o e Aquisi\u00e7\u00e3o de Equipamentos para a Rede Escolar P\u00fablica de Educa\u00e7\u00e3o Infantil (Proinf\u00e2ncia) ser\u00e1 reestruturado para dar celeridade na conclus\u00e3o de mais de 4 mil creches at\u00e9 2022. Al\u00e9m disso, o MEC elaborou um programa para o fortalecimento da autonomia financeira das universidades e das institui\u00e7\u00f5es federais que ser\u00e1 lan\u00e7ado nos pr\u00f3ximos dias.<\/p>\n\n\n\n<p>A Secretaria Estadual de Educa\u00e7\u00e3o de S\u00e3o Paulo, estado com o maior n\u00famero de obras paralisadas, disse que nenhuma obra foi iniciada ou paralisada na atual gest\u00e3o e que est\u00e1 empreendendo todos os esfor\u00e7os para a retomada dos trabalhos&#8221;. Informou, ainda, que j\u00e1 notificou as empresas para que se adequem ao novo cronograma. Caso n\u00e3o atendam o prazo pactuado, haver\u00e1 aplica\u00e7\u00e3o de penalidades, conforme previsto em contrato.<\/p>\n","protected":false},"excerpt":{"rendered":"<p>\u00e1rea da educa\u00e7\u00e3o brasileira tem 543 grandes obras paradas, com contratos que superam R$ 3,6 bilh\u00f5es. O levantamento foi feito pela Associa\u00e7\u00e3o dos Membros dos&hellip; <\/p>\n","protected":false},"author":1,"featured_media":104839,"comment_status":"closed","ping_status":"closed","sticky":false,"template":"","format":"standard","meta":{"sfsi_plus_gutenberg_text_before_share":"","sfsi_plus_gutenberg_show_text_before_share":"","sfsi_plus_gutenberg_icon_type":"","sfsi_plus_gutenberg_icon_alignemt":"","sfsi_plus_gutenburg_max_per_row":"","footnotes":""},"categories":[14],"tags":[],"class_list":["post-104838","post","type-post","status-publish","format-standard","has-post-thumbnail","hentry","category-educacao"],"_links":{"self":[{"href":"https:\/\/www.caririemacao.com\/1\/wp-json\/wp\/v2\/posts\/104838","targetHints":{"allow":["GET"]}}],"collection":[{"href":"https:\/\/www.caririemacao.com\/1\/wp-json\/wp\/v2\/posts"}],"about":[{"href":"https:\/\/www.caririemacao.com\/1\/wp-json\/wp\/v2\/types\/post"}],"author":[{"embeddable":true,"href":"https:\/\/www.caririemacao.com\/1\/wp-json\/wp\/v2\/users\/1"}],"replies":[{"embeddable":true,"href":"https:\/\/www.caririemacao.com\/1\/wp-json\/wp\/v2\/comments?post=104838"}],"version-history":[{"count":1,"href":"https:\/\/www.caririemacao.com\/1\/wp-json\/wp\/v2\/posts\/104838\/revisions"}],"predecessor-version":[{"id":104840,"href":"https:\/\/www.caririemacao.com\/1\/wp-json\/wp\/v2\/posts\/104838\/revisions\/104840"}],"wp:featuredmedia":[{"embeddable":true,"href":"https:\/\/www.caririemacao.com\/1\/wp-json\/wp\/v2\/media\/104839"}],"wp:attachment":[{"href":"https:\/\/www.caririemacao.com\/1\/wp-json\/wp\/v2\/media?parent=104838"}],"wp:term":[{"taxonomy":"category","embeddable":true,"href":"https:\/\/www.caririemacao.com\/1\/wp-json\/wp\/v2\/categories?post=104838"},{"taxonomy":"post_tag","embeddable":true,"href":"https:\/\/www.caririemacao.com\/1\/wp-json\/wp\/v2\/tags?post=104838"}],"curies":[{"name":"wp","href":"https:\/\/api.w.org\/{rel}","templated":true}]}}