{"id":104846,"date":"2019-07-15T13:24:40","date_gmt":"2019-07-15T16:24:40","guid":{"rendered":"http:\/\/www.caririemacao.com\/1\/?p=104846"},"modified":"2019-07-15T13:24:40","modified_gmt":"2019-07-15T16:24:40","slug":"mae-nega-que-agride-filho-e-diz-que-lesao-na-cabeca-do-menino-encontrado-acorrentado-foi-provocada-por-queda","status":"publish","type":"post","link":"https:\/\/www.caririemacao.com\/1\/2019\/07\/15\/mae-nega-que-agride-filho-e-diz-que-lesao-na-cabeca-do-menino-encontrado-acorrentado-foi-provocada-por-queda\/","title":{"rendered":"M\u00e3e nega que agride filho e diz que les\u00e3o na cabe\u00e7a do menino encontrado acorrentado foi provocada por queda"},"content":{"rendered":"\n<p>m\u00e3e do menino de sete anos internado no Hospital de Trauma de Campina Grande com les\u00e3o na cabe\u00e7a e desnutrido negou em depoimento \u00e0 Pol\u00edcia Civil a pr\u00e1tica de maus tratos contra o menor. A crian\u00e7a foi encontrada debilitada em casa, no munic\u00edpio de Boqueir\u00e3o, e levado \u00e0 unidade hospitalar.<\/p>\n\n\n\n<p>O ClickPB entrou em contato com a delegada Diane Regina, a qual ouviu o depoimento da m\u00e3e do menino. A mulher disse que estava em casa no momento em que a equipe do Conselho Tutelar chegou ao im\u00f3vel e levou a crian\u00e7a para tratamento.<\/p>\n\n\n\n<p>A delegada disse ao ClickPB que a mulher foi posta em liberdade porque n\u00e3o havia mandado de pris\u00e3o contra ela e n\u00e3o existia mais o flagrante.<\/p>\n\n\n\n<p>Ela negou as acusa\u00e7\u00f5es de agress\u00e3o e de abandono do menino. A m\u00e3e justificou que os ferimentos no menino s\u00e3o de uma queda que ele teria sofrido no quintal da resid\u00eancia.<br>Ela se colocou \u00e0 disposi\u00e7\u00e3o da Pol\u00edcia Civil para prestar novos esclarecimentos, afirmando que n\u00e3o deixar\u00e1 o munic\u00edpio de Boqueir\u00e3o.<\/p>\n","protected":false},"excerpt":{"rendered":"<p>m\u00e3e do menino de sete anos internado no Hospital de Trauma de Campina Grande com les\u00e3o na cabe\u00e7a e desnutrido negou em depoimento \u00e0 Pol\u00edcia&hellip; <\/p>\n","protected":false},"author":1,"featured_media":104847,"comment_status":"closed","ping_status":"closed","sticky":false,"template":"","format":"standard","meta":{"sfsi_plus_gutenberg_text_before_share":"","sfsi_plus_gutenberg_show_text_before_share":"","sfsi_plus_gutenberg_icon_type":"","sfsi_plus_gutenberg_icon_alignemt":"","sfsi_plus_gutenburg_max_per_row":"","footnotes":""},"categories":[12],"tags":[],"class_list":["post-104846","post","type-post","status-publish","format-standard","has-post-thumbnail","hentry","category-policia"],"_links":{"self":[{"href":"https:\/\/www.caririemacao.com\/1\/wp-json\/wp\/v2\/posts\/104846","targetHints":{"allow":["GET"]}}],"collection":[{"href":"https:\/\/www.caririemacao.com\/1\/wp-json\/wp\/v2\/posts"}],"about":[{"href":"https:\/\/www.caririemacao.com\/1\/wp-json\/wp\/v2\/types\/post"}],"author":[{"embeddable":true,"href":"https:\/\/www.caririemacao.com\/1\/wp-json\/wp\/v2\/users\/1"}],"replies":[{"embeddable":true,"href":"https:\/\/www.caririemacao.com\/1\/wp-json\/wp\/v2\/comments?post=104846"}],"version-history":[{"count":1,"href":"https:\/\/www.caririemacao.com\/1\/wp-json\/wp\/v2\/posts\/104846\/revisions"}],"predecessor-version":[{"id":104848,"href":"https:\/\/www.caririemacao.com\/1\/wp-json\/wp\/v2\/posts\/104846\/revisions\/104848"}],"wp:featuredmedia":[{"embeddable":true,"href":"https:\/\/www.caririemacao.com\/1\/wp-json\/wp\/v2\/media\/104847"}],"wp:attachment":[{"href":"https:\/\/www.caririemacao.com\/1\/wp-json\/wp\/v2\/media?parent=104846"}],"wp:term":[{"taxonomy":"category","embeddable":true,"href":"https:\/\/www.caririemacao.com\/1\/wp-json\/wp\/v2\/categories?post=104846"},{"taxonomy":"post_tag","embeddable":true,"href":"https:\/\/www.caririemacao.com\/1\/wp-json\/wp\/v2\/tags?post=104846"}],"curies":[{"name":"wp","href":"https:\/\/api.w.org\/{rel}","templated":true}]}}