{"id":104858,"date":"2019-07-15T13:33:59","date_gmt":"2019-07-15T16:33:59","guid":{"rendered":"http:\/\/www.caririemacao.com\/1\/?p=104858"},"modified":"2019-07-15T13:33:59","modified_gmt":"2019-07-15T16:33:59","slug":"ong-promove-evento-para-discutir-alternativas-de-tratamento-e-terapias-para-autistas","status":"publish","type":"post","link":"https:\/\/www.caririemacao.com\/1\/2019\/07\/15\/ong-promove-evento-para-discutir-alternativas-de-tratamento-e-terapias-para-autistas\/","title":{"rendered":"Ong promove evento para discutir alternativas de tratamento e terapias para autistas"},"content":{"rendered":"\n<p>Alternativas de tratamento m\u00e9dico e terap\u00eautico para pessoas com o transtorno do espectro do autismo estar\u00e3o em debate, dia 04 de agosto, no I Semin\u00e1rio \u2018Autismo: Novas Abordagens\u2019. O evento \u00e9 uma realiza\u00e7\u00e3o do Instituto Revertendo o Autismo (IRA) e acontecer\u00e1 na Sala de Concertos Maestro Jos\u00e9 Siqueira, no Espa\u00e7o Cultural, na Capital, das 8h \u00e0s 18h.<\/p>\n\n\n\n<p>O \u2018I Semin\u00e1rio Autismo: Novas Abordagens\u2019 contar\u00e1 com palestras e debates de profissionais renomados para discutir novas formas para compreender e repensar o transtorno do espectro do autismo (TEA) e sua terap\u00eautica. Entre os temas discutidos est\u00e1 a rela\u00e7\u00e3o da qualidade da nutri\u00e7\u00e3o e o autismo, intoler\u00e2ncias alimentares, perspectivas terap\u00eauticas do uso de derivados medicinais da Cannabis, como o canabidiol, e outros fitocanabidi\u00f3ides na terap\u00eautica do TEA.<\/p>\n\n\n\n<p>\u201cO ano passado fizemos um Semin\u00e1rio com especialistas e percebemos que foi extremamente salutar para as fam\u00edlias, por isso decidimos fazer o evento novamente, diz Moises Anton, diretor do Instituto Revertendo o Autismo.<\/p>\n\n\n\n<p>As inscri\u00e7\u00f5es para participar do evento est\u00e3o abertas e devem ser feitas atrav\u00e9s do<a href=\"https:\/\/www.sympla.com.br\/i-seminario-autismo-novas-abordagens__566720\">site do Sympla.<\/a>Podem participar profissionais da \u00e1rea de sa\u00fade, educa\u00e7\u00e3o e o p\u00fablico em geral. No caso dos profissionais e p\u00fablico em geral ser\u00e1 cobrada uma taxa de R$ 120. J\u00e1 estudantes pagam R$60,00. Para os familiares de pessoas no espectro autista (m\u00e3es e pais) pagar\u00e3o uma taxa de R$ 100.&nbsp;<\/p>\n\n\n\n<p>Toda a renda do projeto ser\u00e1 revertida para manter os servi\u00e7os e atividades prestados pela Organiza\u00e7\u00e3o N\u00e3o-Governamental (Ong), sediada em Cabedelo.<\/p>\n\n\n\n<p><strong>Os palestrantes&nbsp;<\/strong><\/p>\n\n\n\n<p>Em Jo\u00e3o Pessoa, o \u2018I Semin\u00e1rio Autismo: Novas Abordagens\u2019 ter\u00e1 a presen\u00e7a da Dra. Tielle Machado, m\u00e9dica formada pela Universidade do Estado do Rio de Janeiro. Iniciou uma jornada pessoal ap\u00f3s o diagn\u00f3stico de autismo do seu filho e em busca de uma resposta retornou com uma nova vis\u00e3o da medicina, dos tratamentos e de estilo de vida. Palestra: &#8220;Quando o intestino inflama, o c\u00e9rebro grita&#8221;<\/p>\n\n\n\n<p>Dr. L\u00facio Lemos, Bi\u00f3logo e especialista em An\u00e1lises Cl\u00ednicas, professor de P\u00f3s-Gradua\u00e7\u00e3o em Nutriendocrinologia Funcional e Gerenciamento de Envelhecimento Saud\u00e1velPalestra: &#8220;A import\u00e2ncia da detec\u00e7\u00e3o correta das intoler\u00e2ncias alimentares mediadas por IgG&#8221;.<\/p>\n\n\n\n<p>&nbsp;Dr. Renato Malcher, doutor em Neuroci\u00eancias pela Tulane University &#8211; Nova Orleans, EUA, e&nbsp; professor e pesquisador no Laborat\u00f3rio de Neurobiologia e Comportamento da UnB &#8211; Universidade de Bras\u00edlia, membro International Centre for Science in Drug Policy &#8211; ICSDP e pai de uma crian\u00e7a com autismo.&#8221;Palestra: Canabinoides e Autismo: etiologia, diagn\u00f3stico e tratamento&#8221;.<\/p>\n\n\n\n<p>Dra. Simone Gusso, fisioterapeuta integrativa, ozonioterapeuta, neuromoduladora cl\u00ednica pela Universidade de Pernambuco UFPE e m\u00e3e de um rapaz autista. &#8220;Palestra: Do diagn\u00f3stico \u00e0s infinitas possibilidades terap\u00eauticas&#8221;.<\/p>\n\n\n\n<p><strong>O IRA&nbsp;<\/strong><\/p>\n\n\n\n<p>Fundado em 2015, o Instituto Revertendo o Autismo (IRA) \u00e9 uma Organiza\u00e7\u00e3o N\u00e3o-Governamental (Ong) que funciona em Cabedelo, regi\u00e3o Metropolitana de Jo\u00e3o Pessoa, e atende gratuitamente crian\u00e7as e adolescentes com Transtorno do Espectro Autista (TEA). Al\u00e9m disso, os profissionais que atuam no Instituto oferecem apoio \u00e0s m\u00e3es e familiares dos beneficiados.<\/p>\n","protected":false},"excerpt":{"rendered":"<p>Alternativas de tratamento m\u00e9dico e terap\u00eautico para pessoas com o transtorno do espectro do autismo estar\u00e3o em debate, dia 04 de agosto, no I Semin\u00e1rio&hellip; <\/p>\n","protected":false},"author":1,"featured_media":104859,"comment_status":"closed","ping_status":"closed","sticky":false,"template":"","format":"standard","meta":{"sfsi_plus_gutenberg_text_before_share":"","sfsi_plus_gutenberg_show_text_before_share":"","sfsi_plus_gutenberg_icon_type":"","sfsi_plus_gutenberg_icon_alignemt":"","sfsi_plus_gutenburg_max_per_row":"","footnotes":""},"categories":[2],"tags":[],"class_list":["post-104858","post","type-post","status-publish","format-standard","has-post-thumbnail","hentry","category-geral"],"_links":{"self":[{"href":"https:\/\/www.caririemacao.com\/1\/wp-json\/wp\/v2\/posts\/104858","targetHints":{"allow":["GET"]}}],"collection":[{"href":"https:\/\/www.caririemacao.com\/1\/wp-json\/wp\/v2\/posts"}],"about":[{"href":"https:\/\/www.caririemacao.com\/1\/wp-json\/wp\/v2\/types\/post"}],"author":[{"embeddable":true,"href":"https:\/\/www.caririemacao.com\/1\/wp-json\/wp\/v2\/users\/1"}],"replies":[{"embeddable":true,"href":"https:\/\/www.caririemacao.com\/1\/wp-json\/wp\/v2\/comments?post=104858"}],"version-history":[{"count":1,"href":"https:\/\/www.caririemacao.com\/1\/wp-json\/wp\/v2\/posts\/104858\/revisions"}],"predecessor-version":[{"id":104860,"href":"https:\/\/www.caririemacao.com\/1\/wp-json\/wp\/v2\/posts\/104858\/revisions\/104860"}],"wp:featuredmedia":[{"embeddable":true,"href":"https:\/\/www.caririemacao.com\/1\/wp-json\/wp\/v2\/media\/104859"}],"wp:attachment":[{"href":"https:\/\/www.caririemacao.com\/1\/wp-json\/wp\/v2\/media?parent=104858"}],"wp:term":[{"taxonomy":"category","embeddable":true,"href":"https:\/\/www.caririemacao.com\/1\/wp-json\/wp\/v2\/categories?post=104858"},{"taxonomy":"post_tag","embeddable":true,"href":"https:\/\/www.caririemacao.com\/1\/wp-json\/wp\/v2\/tags?post=104858"}],"curies":[{"name":"wp","href":"https:\/\/api.w.org\/{rel}","templated":true}]}}