{"id":104867,"date":"2019-07-15T15:01:48","date_gmt":"2019-07-15T18:01:48","guid":{"rendered":"http:\/\/www.caririemacao.com\/1\/?p=104867"},"modified":"2019-07-15T15:01:48","modified_gmt":"2019-07-15T18:01:48","slug":"sem-bombeamento-transposicao-do-rio-sao-francisco-tem-rachaduras-e-plantas-no-concreto","status":"publish","type":"post","link":"https:\/\/www.caririemacao.com\/1\/2019\/07\/15\/sem-bombeamento-transposicao-do-rio-sao-francisco-tem-rachaduras-e-plantas-no-concreto\/","title":{"rendered":"Sem bombeamento, Transposi\u00e7\u00e3o do Rio S\u00e3o Francisco tem rachaduras e plantas no concreto"},"content":{"rendered":"\n<div class=\"wp-block-image\"><figure class=\"aligncenter\"><img decoding=\"async\" data-src=\"http:\/\/deolhonocariri.com.br\/wp-content\/uploads\/2019\/07\/transp.jpg\" alt=\"\" class=\"wp-image-69176 lazyload\" src=\"data:image\/svg+xml;base64,PHN2ZyB3aWR0aD0iMSIgaGVpZ2h0PSIxIiB4bWxucz0iaHR0cDovL3d3dy53My5vcmcvMjAwMC9zdmciPjwvc3ZnPg==\" \/><\/figure><\/div>\n\n\n\n<p>A \u00faltima vez que o canal da Transposi\u00e7\u00e3o das \u00c1guas do Rio S\u00e3o Francisco recebeu \u00e1gua foi h\u00e1 mais de tr\u00eas meses. De l\u00e1 para c\u00e1 tem surgido rachaduras e at\u00e9 plantas nas margens e dentro do canal de concreto. A den\u00fancia de abandono no Eixo Leste est\u00e1 sendo feita pelo vereador da cidade de Monteiro, no Cariri do Estado, Ricardo Menezes (Caj\u00f3). Ele conta que sem a \u00e1gua do Velho Chico os moradores ribeirinhos t\u00eam passado dificuldades na regi\u00e3o.<\/p>\n\n\n\n<div class=\"wp-block-image\"><figure class=\"alignright\"><img decoding=\"async\" data-src=\"http:\/\/deolhonocariri.com.br\/wp-content\/uploads\/2019\/07\/transp-1.jpg\" alt=\"\" class=\"wp-image-69177 lazyload\" src=\"data:image\/svg+xml;base64,PHN2ZyB3aWR0aD0iMSIgaGVpZ2h0PSIxIiB4bWxucz0iaHR0cDovL3d3dy53My5vcmcvMjAwMC9zdmciPjwvc3ZnPg==\" \/><\/figure><\/div>\n\n\n\n<p>\u201cN\u00e3o temos uma resposta concreta do Governo Federal. A popula\u00e7\u00e3o ribeirinha est\u00e1 prejudicada. Uma obra car\u00edssima e come\u00e7ando a ter desgaste acima do normal\u201d, afirmou Caj\u00f3. Em alguns pontos, as \u00e1rvores dentro do canal t\u00eam mais de um metro de altura.<\/p>\n\n\n\n<p>As \u00e1guas da Transposi\u00e7\u00e3o come\u00e7aram a chegar na Para\u00edba no Eixo Leste no dia 08 de mar\u00e7o de 2017. A obra, que foi iniciada na gest\u00e3o do ex-presidente Lula (PT) e conclu\u00edda com o ex-presidente Michel Temer, prometia garantir a seguran\u00e7a h\u00eddrica para cerca de um milh\u00e3o de pessoas que seriam beneficiadas com o projeto, contemplando 35 cidades da Para\u00edba e de Pernambuco.<\/p>\n\n\n\n<p>As \u00e1guas da Transposi\u00e7\u00e3o abastecem Campina Grande e mais dezoito cidades do Estado, atrav\u00e9s do A\u00e7ude de Boqueir\u00e3o. Na \u00e9poca em que foi inaugurada a obra retirou o a\u00e7ude, que estava com 2,9% da capacidade, de um colapso iminente. O Eixo Leste \u00e9 composto por 217 km. S\u00e3o seis esta\u00e7\u00f5es de bombeamento, cinco aquedutos, um t\u00fanel e 12 reservat\u00f3rios.<\/p>\n","protected":false},"excerpt":{"rendered":"<p>A \u00faltima vez que o canal da Transposi\u00e7\u00e3o das \u00c1guas do Rio S\u00e3o Francisco recebeu \u00e1gua foi h\u00e1 mais de tr\u00eas meses. De l\u00e1 para&hellip; <\/p>\n","protected":false},"author":1,"featured_media":104868,"comment_status":"closed","ping_status":"closed","sticky":false,"template":"","format":"standard","meta":{"sfsi_plus_gutenberg_text_before_share":"","sfsi_plus_gutenberg_show_text_before_share":"","sfsi_plus_gutenberg_icon_type":"","sfsi_plus_gutenberg_icon_alignemt":"","sfsi_plus_gutenburg_max_per_row":"","footnotes":""},"categories":[2],"tags":[],"class_list":["post-104867","post","type-post","status-publish","format-standard","has-post-thumbnail","hentry","category-geral"],"_links":{"self":[{"href":"https:\/\/www.caririemacao.com\/1\/wp-json\/wp\/v2\/posts\/104867","targetHints":{"allow":["GET"]}}],"collection":[{"href":"https:\/\/www.caririemacao.com\/1\/wp-json\/wp\/v2\/posts"}],"about":[{"href":"https:\/\/www.caririemacao.com\/1\/wp-json\/wp\/v2\/types\/post"}],"author":[{"embeddable":true,"href":"https:\/\/www.caririemacao.com\/1\/wp-json\/wp\/v2\/users\/1"}],"replies":[{"embeddable":true,"href":"https:\/\/www.caririemacao.com\/1\/wp-json\/wp\/v2\/comments?post=104867"}],"version-history":[{"count":1,"href":"https:\/\/www.caririemacao.com\/1\/wp-json\/wp\/v2\/posts\/104867\/revisions"}],"predecessor-version":[{"id":104869,"href":"https:\/\/www.caririemacao.com\/1\/wp-json\/wp\/v2\/posts\/104867\/revisions\/104869"}],"wp:featuredmedia":[{"embeddable":true,"href":"https:\/\/www.caririemacao.com\/1\/wp-json\/wp\/v2\/media\/104868"}],"wp:attachment":[{"href":"https:\/\/www.caririemacao.com\/1\/wp-json\/wp\/v2\/media?parent=104867"}],"wp:term":[{"taxonomy":"category","embeddable":true,"href":"https:\/\/www.caririemacao.com\/1\/wp-json\/wp\/v2\/categories?post=104867"},{"taxonomy":"post_tag","embeddable":true,"href":"https:\/\/www.caririemacao.com\/1\/wp-json\/wp\/v2\/tags?post=104867"}],"curies":[{"name":"wp","href":"https:\/\/api.w.org\/{rel}","templated":true}]}}