{"id":104875,"date":"2019-07-15T15:10:26","date_gmt":"2019-07-15T18:10:26","guid":{"rendered":"http:\/\/www.caririemacao.com\/1\/?p=104875"},"modified":"2019-07-15T15:10:26","modified_gmt":"2019-07-15T18:10:26","slug":"7-dos-brasileiros-afirmam-que-terra-e-plana-mostra-pesquisa","status":"publish","type":"post","link":"https:\/\/www.caririemacao.com\/1\/2019\/07\/15\/7-dos-brasileiros-afirmam-que-terra-e-plana-mostra-pesquisa\/","title":{"rendered":"7% dos brasileiros afirmam que Terra \u00e9 plana, mostra pesquisa"},"content":{"rendered":"\n<p>Uma parcela de 7% dos brasileiros acredita que o formato da Terra \u00e9 plano, aponta uma pesquisa realizada pelo Instituto Datafolha no in\u00edcio deste m\u00eas.&nbsp;<\/p>\n\n\n\n<p>O levantamento contou com 2.086 entrevistados maiores de 16 anos em 103 cidades pelo pa\u00eds e foi o primeiro a estimar quantos no pa\u00eds duvidam que o planeta seja esf\u00e9rico \u2014 cerca de 11 milh\u00f5es de pessoas.<\/p>\n\n\n\n<p>Declararam crer que a Terra seja redonda 90% dos entrevistados e o restante disse n\u00e3o saber sua forma. A cren\u00e7a de que a Terra \u00e9 plana se revelou inversamente proporcional \u00e0 escolaridade. Enquanto 10% das pessoas que deixaram a escola ap\u00f3s o ensino fundamental defendem o chamado terraplanismo, essa parcela diminui entre os que estudaram at\u00e9 concluir o ensino m\u00e9dio (6%) ou superior (3%).<\/p>\n\n\n\n<p>Apesar de representarem minoria no Brasil, em termos absolutos \u00e9 dif\u00edcil classificar o grupo como pequeno, uma vez que a cren\u00e7a requer a nega\u00e7\u00e3o de um dos princ\u00edpios fundamentais da geografia, repetidamente confirmado por observa\u00e7\u00f5es e experimentos por mais de dois mil\u00eanios.<\/p>\n\n\n\n<p>O n\u00famero brasileiro, por\u00e9m, est\u00e1 em linha com uma pesquisa feita no ano passado nos EUA, onde o movimento terraplanista ganhou impulso nos \u00faltimos anos. Apesar de a diferen\u00e7a de metodologia dificultar compara\u00e7\u00f5es, essa outra pesquisa, feita pela consultoria YouGov, concluiu que 2% dos americanos creem na Terra plana e 5% t\u00eam d\u00favidas sobre a esfericidade do planeta. Jovens abaixo de 25 anos eram duas vezes mais inclinados ao terraplanismo.<\/p>\n\n\n\n<p>Na pesquisa do Datafolha, o recorte et\u00e1rio tamb\u00e9m revelou uma propens\u00e3o ligeiramente maior \u00e0 cren\u00e7a entre os jovens. Abaixo de 25 anos, 7% creem na Terra plana, e o n\u00famero cai para 4% na faixa entre 35 e 44 anos. O terraplanismo \u00e9 mais popular, por\u00e9m, entre aqueles acima dos 60 anos \u2014 11% adotam a cren\u00e7a.<\/p>\n\n\n\n<p>Segundo a historiadora Marcia Bartusiak, do MIT (Instituto de Tecnologia de Massachusetts), o conhecimento de que a Terra \u00e9 esf\u00e9rica provavelmente remonta a disc\u00edpulos de Pit\u00e1goras (s\u00e9c. 6 a.C): a constata\u00e7\u00e3o surgiu de navegadores vendo horizonte ocultar navios distantes.<\/p>\n\n\n\n<p>Erat\u00f3stenes (s\u00e9c. 3 a.C.) foi o primeiro a medir a circunfer\u00eancia da Terra com uma margem de erro aceit\u00e1vel \u2014 chegou a um valor entre 44.000 e 46.000 km (o n\u00famero preciso conhecido hoje \u00e9 40.075 km).<\/p>\n\n\n\n<p>Na \u00e9poca de Galileu (s\u00e9c. 16 d.C.), a Terra esf\u00e9rica j\u00e1 era um consenso razo\u00e1vel entre fil\u00f3sofos naturais. Insistir hoje no oposto demanda o esfor\u00e7o de refutar evid\u00eancias desde os gregos antigos at\u00e9 fotografias de astronautas, passando por Kepler, Newton e Einstein. Indiretamente, quase toda ci\u00eancia deixa de fazer sentido se a Terra n\u00e3o for redonda.<\/p>\n\n\n\n<p>A miss\u00e3o de provar que a Terra \u00e9 plana, de qualquer modo, n\u00e3o intimida alguns terraplanistas como Danilo Wiener, desenvolvedor web de 43 anos, um dos coordenadores do movimento Terra Plana Brasil, para quem a Nasa n\u00e3o tem uma foto da Terra que seja real. Como hobby, ele costuma fazer experimentos de observa\u00e7\u00e3o do oceano buscando mostrar que ele n\u00e3o possui curvatura.<\/p>\n\n\n\n<p>&#8220;O que n\u00f3s fazemos n\u00e3o \u00e9 rejeitar evid\u00eancias, \u00e9 que as evid\u00eancias que nos mostram s\u00e3o todas mentiras&#8221;, afirma. &#8220;Eu n\u00e3o posso questionar Einstein e Newton porque eu n\u00e3o sou um cientista? Por que n\u00e3o?&#8221;<\/p>\n\n\n\n<p>No Brasil \u00e9 dif\u00edcil detectar quando o terraplanismo surgiu. Um fator que pode ter contribu\u00eddo, na esteira da influ\u00eancia de terraplanistas dos EUA, \u00e9 o alcance de grupos organizados em redes sociais.&nbsp;<\/p>\n\n\n\n<p>O canal de Danilo Wiener no de YouTube, por exemplo, conseguiu 385 mil visualiza\u00e7\u00f5es em pouco mais de um ano. Bruno Alves, outro nome influente do grupo, tem 88 mil inscritos. Afonso de Vasconcelos, caso \u00fanico de um terraplanista com doutorado em geof\u00edsica pela USP, possui 259 mil seguidores em seu canal.<\/p>\n\n\n\n<p>O astrof\u00edsico Marcelo Gleiser, professor do Dartmouth College, em New Hampshire (EUA) descreve como tr\u00e1gica a situa\u00e7\u00e3o e classifica como rid\u00edcula a nega\u00e7\u00e3o da forma esf\u00e9rica da Terra.<\/p>\n\n\n\n<p><strong>Leia mais<\/strong>:&nbsp;<a href=\"https:\/\/www.clickpb.com.br\/tecnologia\/nasa-divulga-video-mostrando-time-lapse-da-terra-261591.html\">NASA divulga v\u00eddeo mostrando &#8216;time lapse&#8217; da Terra<\/a><br><\/p>\n\n\n\n<p>&#8220;Isso mostra uma falha do sistema educacional brasileiro. Eu acho que algumas dessas pessoas que dizem que a Terra \u00e9 plana na verdade n\u00e3o acham isso, e est\u00e3o fazendo um movimento de &#8216;resist\u00eancia&#8217;: eles acham que a ci\u00eancia controla a vida deles, que a sociedade moderna \u00e9 manipulada pelas empresas que controlam a tecnologia e se veem vitimados pela ci\u00eancia. Ent\u00e3o eles pegaram a coisa mais absurda poss\u00edvel, a ideia de a Terra ser plana, e usam isso para demonstrar insatisfa\u00e7\u00e3o.&#8221;<\/p>\n\n\n\n<p>A possibilidade de que a motiva\u00e7\u00e3o de terraplanistas n\u00e3o seja apenas a de provar teorias foi explorada pelo document\u00e1rio &#8220;Behind The Curve&#8221;, da Netflix. O filme retrata a vida de quase celebridade de alguns l\u00edderes do movimento, como Mark Sargent, e suas conex\u00f5es com outras cren\u00e7as anticient\u00edficas. H\u00e1 nega\u00e7\u00e3o do aquecimento global e forte liga\u00e7\u00e3o com o criacionismo, que nega a teoria da evolu\u00e7\u00e3o de Darwin.&nbsp;<\/p>\n\n\n\n<p>&#8220;A esmagadora maioria dos terraplanistas \u00e9 criacionista&#8221;, endossa Wiener. &#8220;Somos frutos de uma Cria\u00e7\u00e3o.&#8221;<\/p>\n\n\n\n<p>O terraplanista brasileiro, por\u00e9m, rejeita qualquer insinua\u00e7\u00e3o por parte de cientistas de que o movimento tenha motiva\u00e7\u00f5es secund\u00e1rias que n\u00e3o sejam provar a hip\u00f3tese da Terra plana.<\/p>\n\n\n\n<p>&#8220;A opini\u00e3o deles \u00e9 de que n\u00f3s n\u00e3o sejamos sinceros?&#8221;, questiona ele. &#8220;At\u00e9 onde eu conhe\u00e7o, o que eu vejo s\u00e3o pessoas sinceras buscando respostas para questionamentos.&#8221;<\/p>\n","protected":false},"excerpt":{"rendered":"<p>Uma parcela de 7% dos brasileiros acredita que o formato da Terra \u00e9 plano, aponta uma pesquisa realizada pelo Instituto Datafolha no in\u00edcio deste m\u00eas.&nbsp;&hellip; <\/p>\n","protected":false},"author":1,"featured_media":104876,"comment_status":"closed","ping_status":"closed","sticky":false,"template":"","format":"standard","meta":{"sfsi_plus_gutenberg_text_before_share":"","sfsi_plus_gutenberg_show_text_before_share":"","sfsi_plus_gutenberg_icon_type":"","sfsi_plus_gutenberg_icon_alignemt":"","sfsi_plus_gutenburg_max_per_row":"","footnotes":""},"categories":[2],"tags":[],"class_list":["post-104875","post","type-post","status-publish","format-standard","has-post-thumbnail","hentry","category-geral"],"_links":{"self":[{"href":"https:\/\/www.caririemacao.com\/1\/wp-json\/wp\/v2\/posts\/104875","targetHints":{"allow":["GET"]}}],"collection":[{"href":"https:\/\/www.caririemacao.com\/1\/wp-json\/wp\/v2\/posts"}],"about":[{"href":"https:\/\/www.caririemacao.com\/1\/wp-json\/wp\/v2\/types\/post"}],"author":[{"embeddable":true,"href":"https:\/\/www.caririemacao.com\/1\/wp-json\/wp\/v2\/users\/1"}],"replies":[{"embeddable":true,"href":"https:\/\/www.caririemacao.com\/1\/wp-json\/wp\/v2\/comments?post=104875"}],"version-history":[{"count":1,"href":"https:\/\/www.caririemacao.com\/1\/wp-json\/wp\/v2\/posts\/104875\/revisions"}],"predecessor-version":[{"id":104877,"href":"https:\/\/www.caririemacao.com\/1\/wp-json\/wp\/v2\/posts\/104875\/revisions\/104877"}],"wp:featuredmedia":[{"embeddable":true,"href":"https:\/\/www.caririemacao.com\/1\/wp-json\/wp\/v2\/media\/104876"}],"wp:attachment":[{"href":"https:\/\/www.caririemacao.com\/1\/wp-json\/wp\/v2\/media?parent=104875"}],"wp:term":[{"taxonomy":"category","embeddable":true,"href":"https:\/\/www.caririemacao.com\/1\/wp-json\/wp\/v2\/categories?post=104875"},{"taxonomy":"post_tag","embeddable":true,"href":"https:\/\/www.caririemacao.com\/1\/wp-json\/wp\/v2\/tags?post=104875"}],"curies":[{"name":"wp","href":"https:\/\/api.w.org\/{rel}","templated":true}]}}