{"id":104887,"date":"2019-07-15T15:49:23","date_gmt":"2019-07-15T18:49:23","guid":{"rendered":"http:\/\/www.caririemacao.com\/1\/?p=104887"},"modified":"2019-07-15T15:49:23","modified_gmt":"2019-07-15T18:49:23","slug":"banco-do-brasil-apresenta-plano-safra-2019-2020-em-monteiro-com-novidades-entre-elas-20-a-mais-de-investimento-que-na-safra-anterior","status":"publish","type":"post","link":"https:\/\/www.caririemacao.com\/1\/2019\/07\/15\/banco-do-brasil-apresenta-plano-safra-2019-2020-em-monteiro-com-novidades-entre-elas-20-a-mais-de-investimento-que-na-safra-anterior\/","title":{"rendered":"Banco do Brasil apresenta Plano safra 2019\/2020 em Monteiro com novidades entre elas, 20% a mais de investimento que na safra anterior"},"content":{"rendered":"\n<p>O Banco do Brasil de Monteiro realiza na pr\u00f3xima quinta feira (18), um encontro na C\u00e2mara Municipal para a divulga\u00e7\u00e3o das informa\u00e7\u00f5es do&nbsp;<strong>Plano Safra 2019\/2020<\/strong><br>A reuni\u00e3o vai acontecer \u00e0 partir das 10 horas da manh\u00e3 e tem como p\u00fablico alvo, produtores rurais, agricultores, presidentes de associa\u00e7\u00f5es comunit\u00e1rias, secret\u00e1rios municipais de agricultura, vereadores, prefeitos, comerciantes do ramo e comunicadores de toda a regi\u00e3o do Cariri.<br>O Banco do Brasil \u00e9 o banco que mais faz empr\u00e9stimos para a agricultura e pecu\u00e1ria no Plano Safra, representando quase 60% de todo cr\u00e9dito rural do setor financeiro.Para 2019\/2020, o banco destinar\u00e1 R$ 103 bilh\u00f5es, o que representa 20% a mais que na safra anterior.<br>O Plano Safra BB 2019\/2020 continuar\u00e1 atendendo a todos os produtores rurais: pequenos, m\u00e9dios e grandes. \u201cTemos recursos em abund\u00e2ncia para atender a todas as necessidades dos produtores, tanto de custeio, como para investimento\u201d, afirmou o diretor nacional de Agroneg\u00f3cio do Banco do Brasil, Marco Tulio Moraes da Costa.<br>Qualquer produtor rural, cooperativa ou empresa agroindustrial pode solicitar o Plano Safra pelo Banco do Brasil , de acordo com o gerente da ag\u00eancia local, C\u00e9lio.<br>Al\u00e9m dos recursos, h\u00e1 novas ferramentas, como a possibilidade de os produtores do Programa Nacional de Fortalecimento da Agricultura Familiar (Pronaf) renovarem o cr\u00e9dito pelo pr\u00f3prio celular sem precisar sair de casa. O cr\u00e9dito entrar\u00e1 na conta no primeiro dia \u00fatil ap\u00f3s a solicita\u00e7\u00e3o.<\/p>\n","protected":false},"excerpt":{"rendered":"<p>O Banco do Brasil de Monteiro realiza na pr\u00f3xima quinta feira (18), um encontro na C\u00e2mara Municipal para a divulga\u00e7\u00e3o das informa\u00e7\u00f5es do&nbsp;Plano Safra 2019\/2020A&hellip; <\/p>\n","protected":false},"author":1,"featured_media":104888,"comment_status":"closed","ping_status":"closed","sticky":false,"template":"","format":"standard","meta":{"sfsi_plus_gutenberg_text_before_share":"","sfsi_plus_gutenberg_show_text_before_share":"","sfsi_plus_gutenberg_icon_type":"","sfsi_plus_gutenberg_icon_alignemt":"","sfsi_plus_gutenburg_max_per_row":"","footnotes":""},"categories":[2],"tags":[],"class_list":["post-104887","post","type-post","status-publish","format-standard","has-post-thumbnail","hentry","category-geral"],"_links":{"self":[{"href":"https:\/\/www.caririemacao.com\/1\/wp-json\/wp\/v2\/posts\/104887","targetHints":{"allow":["GET"]}}],"collection":[{"href":"https:\/\/www.caririemacao.com\/1\/wp-json\/wp\/v2\/posts"}],"about":[{"href":"https:\/\/www.caririemacao.com\/1\/wp-json\/wp\/v2\/types\/post"}],"author":[{"embeddable":true,"href":"https:\/\/www.caririemacao.com\/1\/wp-json\/wp\/v2\/users\/1"}],"replies":[{"embeddable":true,"href":"https:\/\/www.caririemacao.com\/1\/wp-json\/wp\/v2\/comments?post=104887"}],"version-history":[{"count":1,"href":"https:\/\/www.caririemacao.com\/1\/wp-json\/wp\/v2\/posts\/104887\/revisions"}],"predecessor-version":[{"id":104889,"href":"https:\/\/www.caririemacao.com\/1\/wp-json\/wp\/v2\/posts\/104887\/revisions\/104889"}],"wp:featuredmedia":[{"embeddable":true,"href":"https:\/\/www.caririemacao.com\/1\/wp-json\/wp\/v2\/media\/104888"}],"wp:attachment":[{"href":"https:\/\/www.caririemacao.com\/1\/wp-json\/wp\/v2\/media?parent=104887"}],"wp:term":[{"taxonomy":"category","embeddable":true,"href":"https:\/\/www.caririemacao.com\/1\/wp-json\/wp\/v2\/categories?post=104887"},{"taxonomy":"post_tag","embeddable":true,"href":"https:\/\/www.caririemacao.com\/1\/wp-json\/wp\/v2\/tags?post=104887"}],"curies":[{"name":"wp","href":"https:\/\/api.w.org\/{rel}","templated":true}]}}