{"id":104895,"date":"2019-07-15T15:52:36","date_gmt":"2019-07-15T18:52:36","guid":{"rendered":"http:\/\/www.caririemacao.com\/1\/?p=104895"},"modified":"2019-07-15T15:52:36","modified_gmt":"2019-07-15T18:52:36","slug":"prefeita-participa-de-reuniao-para-discutir-reabertura-do-abatedouro-de-caprinos-de-monteiro","status":"publish","type":"post","link":"https:\/\/www.caririemacao.com\/1\/2019\/07\/15\/prefeita-participa-de-reuniao-para-discutir-reabertura-do-abatedouro-de-caprinos-de-monteiro\/","title":{"rendered":"Prefeita participa de reuni\u00e3o para discutir reabertura do abatedouro de caprinos de Monteiro"},"content":{"rendered":"\n<p>A prefeita Anna Lorena participou na \u00faltima sexta-feira (12), na sede da CAPRIBOM, de uma reuni\u00e3o promovida pela a Secretaria de Estado do Desenvolvimento da Agropecu\u00e1ria da Para\u00edba \u2013 SEDAP, para debater a recupera\u00e7\u00e3o do abatedouro de caprinos e ovinos e discutir parcerias com o setor privado para o seu funcionamento.<br>O gerente executivo da Defesa Agropecu\u00e1ria, Rubens Tadeu, esteve representando o Secret\u00e1rio Efraim Morais, e disse que o governador Jo\u00e3o Azev\u00eado determinou a SEDAP que realize a recupera\u00e7\u00e3o do abatedouro de caprinos de Monteiro, e destacou que o abatedouro ser\u00e1 exclusivo para o abatimento de caprinos, por ser a aptid\u00e3o da regi\u00e3o, e procurar parceria com o setor privado para colocar para funcionar e desenvolver a regi\u00e3o.\u00a0<br><\/p>\n\n\n\n<figure class=\"wp-block-image\"><a href=\"https:\/\/i2.wp.com\/www.vitrinedocariri.com.br\/wp-content\/uploads\/2019\/07\/Abatedouro5.jpg?resize=300%2C200&amp;ssl=1\"><img decoding=\"async\" data-src=\"https:\/\/i2.wp.com\/www.vitrinedocariri.com.br\/wp-content\/uploads\/2019\/07\/Abatedouro5.jpg?resize=300%2C200&amp;ssl=1\" alt=\"\" src=\"data:image\/svg+xml;base64,PHN2ZyB3aWR0aD0iMSIgaGVpZ2h0PSIxIiB4bWxucz0iaHR0cDovL3d3dy53My5vcmcvMjAwMC9zdmciPjwvc3ZnPg==\" class=\"lazyload\" \/><\/a><\/figure>\n\n\n\n<p>A prefeita Anna Lorena afirmou que o funcionamento do abatedouro de caprinos ser\u00e1 um marco para o desenvolvimento de Monteiro e regi\u00e3o, e que o Governo do Estado est\u00e1 comprometido em recuperar o local, e, atrav\u00e9s de parcerias, inclusive com o setor privado, colocar em funcionamento o mais breve poss\u00edvel.<br>\u201cIsso \u00e9 o fruto de uma uni\u00e3o de for\u00e7as, tanto da Prefeitura de Monteiro, como do Governo do Estado e entes parceiros, e tenho certeza que esse abatedouro vai alavancar o desenvolvimento econ\u00f4mico de nossa regi\u00e3o, gerando emprego e renda\u201d, disse a gestora.<\/p>\n","protected":false},"excerpt":{"rendered":"<p>A prefeita Anna Lorena participou na \u00faltima sexta-feira (12), na sede da CAPRIBOM, de uma reuni\u00e3o promovida pela a Secretaria de Estado do Desenvolvimento da&hellip; <\/p>\n","protected":false},"author":1,"featured_media":104896,"comment_status":"closed","ping_status":"closed","sticky":false,"template":"","format":"standard","meta":{"sfsi_plus_gutenberg_text_before_share":"","sfsi_plus_gutenberg_show_text_before_share":"","sfsi_plus_gutenberg_icon_type":"","sfsi_plus_gutenberg_icon_alignemt":"","sfsi_plus_gutenburg_max_per_row":"","footnotes":""},"categories":[2],"tags":[],"class_list":["post-104895","post","type-post","status-publish","format-standard","has-post-thumbnail","hentry","category-geral"],"_links":{"self":[{"href":"https:\/\/www.caririemacao.com\/1\/wp-json\/wp\/v2\/posts\/104895","targetHints":{"allow":["GET"]}}],"collection":[{"href":"https:\/\/www.caririemacao.com\/1\/wp-json\/wp\/v2\/posts"}],"about":[{"href":"https:\/\/www.caririemacao.com\/1\/wp-json\/wp\/v2\/types\/post"}],"author":[{"embeddable":true,"href":"https:\/\/www.caririemacao.com\/1\/wp-json\/wp\/v2\/users\/1"}],"replies":[{"embeddable":true,"href":"https:\/\/www.caririemacao.com\/1\/wp-json\/wp\/v2\/comments?post=104895"}],"version-history":[{"count":1,"href":"https:\/\/www.caririemacao.com\/1\/wp-json\/wp\/v2\/posts\/104895\/revisions"}],"predecessor-version":[{"id":104897,"href":"https:\/\/www.caririemacao.com\/1\/wp-json\/wp\/v2\/posts\/104895\/revisions\/104897"}],"wp:featuredmedia":[{"embeddable":true,"href":"https:\/\/www.caririemacao.com\/1\/wp-json\/wp\/v2\/media\/104896"}],"wp:attachment":[{"href":"https:\/\/www.caririemacao.com\/1\/wp-json\/wp\/v2\/media?parent=104895"}],"wp:term":[{"taxonomy":"category","embeddable":true,"href":"https:\/\/www.caririemacao.com\/1\/wp-json\/wp\/v2\/categories?post=104895"},{"taxonomy":"post_tag","embeddable":true,"href":"https:\/\/www.caririemacao.com\/1\/wp-json\/wp\/v2\/tags?post=104895"}],"curies":[{"name":"wp","href":"https:\/\/api.w.org\/{rel}","templated":true}]}}