{"id":104916,"date":"2019-07-16T07:47:39","date_gmt":"2019-07-16T10:47:39","guid":{"rendered":"http:\/\/www.caririemacao.com\/1\/?p=104916"},"modified":"2019-07-16T07:47:39","modified_gmt":"2019-07-16T10:47:39","slug":"lucelio-cartaxo-e-transferido-de-joao-pessoa-para-sao-paulo","status":"publish","type":"post","link":"https:\/\/www.caririemacao.com\/1\/2019\/07\/16\/lucelio-cartaxo-e-transferido-de-joao-pessoa-para-sao-paulo\/","title":{"rendered":"Luc\u00e9lio Cartaxo \u00e9 transferido de Jo\u00e3o Pessoa para S\u00e3o Paulo"},"content":{"rendered":"\n<p>Luc\u00e9lio Cartaxo foi transferido nesta segunda-feira pra S\u00e3o Paulo. Ele sofreu um acidente e teve um traumatismo craniano. A informa\u00e7\u00e3o foi confirmada no boletim m\u00e9dico.<\/p>\n\n\n\n<p><em>O Hospital Alberto Urquiza Wanderley informa que o paciente Luc\u00e9lio Cartaxo Pires de S\u00e1, 55 anos, foi transferido para um hospital em S\u00e3o Paulo para realiza\u00e7\u00e3o de novos exames e conclus\u00e3o de seu tratamento cl\u00ednico. A transfer\u00eancia j\u00e1 estava prevista pela fam\u00edlia desde o dia do acidente.<\/em><\/p>\n","protected":false},"excerpt":{"rendered":"<p>Luc\u00e9lio Cartaxo foi transferido nesta segunda-feira pra S\u00e3o Paulo. Ele sofreu um acidente e teve um traumatismo craniano. A informa\u00e7\u00e3o foi confirmada no boletim m\u00e9dico.&hellip; <\/p>\n","protected":false},"author":1,"featured_media":48497,"comment_status":"closed","ping_status":"closed","sticky":false,"template":"","format":"standard","meta":{"sfsi_plus_gutenberg_text_before_share":"","sfsi_plus_gutenberg_show_text_before_share":"","sfsi_plus_gutenberg_icon_type":"","sfsi_plus_gutenberg_icon_alignemt":"","sfsi_plus_gutenburg_max_per_row":"","footnotes":""},"categories":[2],"tags":[],"class_list":["post-104916","post","type-post","status-publish","format-standard","has-post-thumbnail","hentry","category-geral"],"_links":{"self":[{"href":"https:\/\/www.caririemacao.com\/1\/wp-json\/wp\/v2\/posts\/104916","targetHints":{"allow":["GET"]}}],"collection":[{"href":"https:\/\/www.caririemacao.com\/1\/wp-json\/wp\/v2\/posts"}],"about":[{"href":"https:\/\/www.caririemacao.com\/1\/wp-json\/wp\/v2\/types\/post"}],"author":[{"embeddable":true,"href":"https:\/\/www.caririemacao.com\/1\/wp-json\/wp\/v2\/users\/1"}],"replies":[{"embeddable":true,"href":"https:\/\/www.caririemacao.com\/1\/wp-json\/wp\/v2\/comments?post=104916"}],"version-history":[{"count":1,"href":"https:\/\/www.caririemacao.com\/1\/wp-json\/wp\/v2\/posts\/104916\/revisions"}],"predecessor-version":[{"id":104917,"href":"https:\/\/www.caririemacao.com\/1\/wp-json\/wp\/v2\/posts\/104916\/revisions\/104917"}],"wp:featuredmedia":[{"embeddable":true,"href":"https:\/\/www.caririemacao.com\/1\/wp-json\/wp\/v2\/media\/48497"}],"wp:attachment":[{"href":"https:\/\/www.caririemacao.com\/1\/wp-json\/wp\/v2\/media?parent=104916"}],"wp:term":[{"taxonomy":"category","embeddable":true,"href":"https:\/\/www.caririemacao.com\/1\/wp-json\/wp\/v2\/categories?post=104916"},{"taxonomy":"post_tag","embeddable":true,"href":"https:\/\/www.caririemacao.com\/1\/wp-json\/wp\/v2\/tags?post=104916"}],"curies":[{"name":"wp","href":"https:\/\/api.w.org\/{rel}","templated":true}]}}