{"id":104941,"date":"2019-07-16T08:13:50","date_gmt":"2019-07-16T11:13:50","guid":{"rendered":"http:\/\/www.caririemacao.com\/1\/?p=104941"},"modified":"2019-07-16T08:13:50","modified_gmt":"2019-07-16T11:13:50","slug":"consumidor-podera-bloquear-ligacao-de-telemarketing-a-partir-desta-terca","status":"publish","type":"post","link":"https:\/\/www.caririemacao.com\/1\/2019\/07\/16\/consumidor-podera-bloquear-ligacao-de-telemarketing-a-partir-desta-terca\/","title":{"rendered":"Consumidor poder\u00e1 bloquear liga\u00e7\u00e3o de telemarketing a partir desta ter\u00e7a"},"content":{"rendered":"\n<p>Termina nesta ter\u00e7a-feira, 16, o prazo para que as empresas de telefonia criem a lista nacional de bloqueio de telemarketing. O consumidor que n\u00e3o quiser mais receber liga\u00e7\u00f5es de ofertas de empresas como Claro\/Net, TIM, Vivo, Nextel, Oi e Sky deve se cadastrar no portal naomeperturbe.com.br.<\/p>\n\n\n\n<p>A lista, por\u00e9m, n\u00e3o bloqueia liga\u00e7\u00f5es das empresas de telecomunica\u00e7\u00e3o com fins de pesquisa ou de empresas de outros setores que queiram vender seus produtos.&nbsp;<\/p>\n\n\n\n<p>Portanto, o consumidor est\u00e1 protegido apenas das chamadas indesejadas com o prop\u00f3sito de vender servi\u00e7os de telefonia, TV por assinatura ou internet.<\/p>\n\n\n\n<p>A Ag\u00eancia Nacional de Telecomunica\u00e7\u00f5es (Anatel) determinou, em junho passado, o prazo de 30 dias para que as empresas de telecomunica\u00e7\u00f5es implementassem o mecanismo, pois s\u00e3o justamente essas companhias as respons\u00e1veis por um ter\u00e7o das liga\u00e7\u00f5es de telemarketing indesejadas, segundo estudos de mercado que fundamentaram a decis\u00e3o da ag\u00eancia. At\u00e9 maio deste ano, a Anatel registrou quase 14 mil reclama\u00e7\u00f5es de consumidores, uma m\u00e9dia mensal de 2,8 mil queixas. Sendo que a m\u00e9dia do ano de 2018 foi de 2,2 mil reclama\u00e7\u00f5es por m\u00eas.<\/p>\n","protected":false},"excerpt":{"rendered":"<p>Termina nesta ter\u00e7a-feira, 16, o prazo para que as empresas de telefonia criem a lista nacional de bloqueio de telemarketing. O consumidor que n\u00e3o quiser&hellip; <\/p>\n","protected":false},"author":1,"featured_media":104942,"comment_status":"closed","ping_status":"closed","sticky":false,"template":"","format":"standard","meta":{"sfsi_plus_gutenberg_text_before_share":"","sfsi_plus_gutenberg_show_text_before_share":"","sfsi_plus_gutenberg_icon_type":"","sfsi_plus_gutenberg_icon_alignemt":"","sfsi_plus_gutenburg_max_per_row":"","footnotes":""},"categories":[2],"tags":[],"class_list":["post-104941","post","type-post","status-publish","format-standard","has-post-thumbnail","hentry","category-geral"],"_links":{"self":[{"href":"https:\/\/www.caririemacao.com\/1\/wp-json\/wp\/v2\/posts\/104941","targetHints":{"allow":["GET"]}}],"collection":[{"href":"https:\/\/www.caririemacao.com\/1\/wp-json\/wp\/v2\/posts"}],"about":[{"href":"https:\/\/www.caririemacao.com\/1\/wp-json\/wp\/v2\/types\/post"}],"author":[{"embeddable":true,"href":"https:\/\/www.caririemacao.com\/1\/wp-json\/wp\/v2\/users\/1"}],"replies":[{"embeddable":true,"href":"https:\/\/www.caririemacao.com\/1\/wp-json\/wp\/v2\/comments?post=104941"}],"version-history":[{"count":1,"href":"https:\/\/www.caririemacao.com\/1\/wp-json\/wp\/v2\/posts\/104941\/revisions"}],"predecessor-version":[{"id":104943,"href":"https:\/\/www.caririemacao.com\/1\/wp-json\/wp\/v2\/posts\/104941\/revisions\/104943"}],"wp:featuredmedia":[{"embeddable":true,"href":"https:\/\/www.caririemacao.com\/1\/wp-json\/wp\/v2\/media\/104942"}],"wp:attachment":[{"href":"https:\/\/www.caririemacao.com\/1\/wp-json\/wp\/v2\/media?parent=104941"}],"wp:term":[{"taxonomy":"category","embeddable":true,"href":"https:\/\/www.caririemacao.com\/1\/wp-json\/wp\/v2\/categories?post=104941"},{"taxonomy":"post_tag","embeddable":true,"href":"https:\/\/www.caririemacao.com\/1\/wp-json\/wp\/v2\/tags?post=104941"}],"curies":[{"name":"wp","href":"https:\/\/api.w.org\/{rel}","templated":true}]}}