{"id":104951,"date":"2019-07-16T08:27:43","date_gmt":"2019-07-16T11:27:43","guid":{"rendered":"http:\/\/www.caririemacao.com\/1\/?p=104951"},"modified":"2019-07-16T08:27:43","modified_gmt":"2019-07-16T11:27:43","slug":"previsao-do-tempo-para-esta-terca-feira-em-toda-paraiba-12","status":"publish","type":"post","link":"https:\/\/www.caririemacao.com\/1\/2019\/07\/16\/previsao-do-tempo-para-esta-terca-feira-em-toda-paraiba-12\/","title":{"rendered":"Previs\u00e3o do tempo para esta ter\u00e7a-feira em toda Para\u00edba"},"content":{"rendered":"\n<p>As condi\u00e7\u00f5es de tempo sobre o estado da Para\u00edba ainda permanecem favor\u00e1veis \u00e0 ocorr\u00eancia de chuva, do tipo isolada, entre as regi\u00f5es do Litoral e Agreste. Nas demais \u00e1reas do Estado, o sol aparece entre nuvens.<\/p>\n\n\n\n<div class=\"wp-block-image\"><figure class=\"aligncenter\"><img decoding=\"async\" data-src=\"https:\/\/paraibaonline.com.br\/wp-content\/uploads\/2019\/07\/tempo1607.jpg\" alt=\"\" class=\"wp-image-751784 lazyload\" src=\"data:image\/svg+xml;base64,PHN2ZyB3aWR0aD0iMSIgaGVpZ2h0PSIxIiB4bWxucz0iaHR0cDovL3d3dy53My5vcmcvMjAwMC9zdmciPjwvc3ZnPg==\" \/><\/figure><\/div>\n\n\n\n<p>Fonte: Aesa<\/p>\n","protected":false},"excerpt":{"rendered":"<p>As condi\u00e7\u00f5es de tempo sobre o estado da Para\u00edba ainda permanecem favor\u00e1veis \u00e0 ocorr\u00eancia de chuva, do tipo isolada, entre as regi\u00f5es do Litoral e&hellip; <\/p>\n","protected":false},"author":1,"featured_media":104952,"comment_status":"closed","ping_status":"closed","sticky":false,"template":"","format":"standard","meta":{"sfsi_plus_gutenberg_text_before_share":"","sfsi_plus_gutenberg_show_text_before_share":"","sfsi_plus_gutenberg_icon_type":"","sfsi_plus_gutenberg_icon_alignemt":"","sfsi_plus_gutenburg_max_per_row":"","footnotes":""},"categories":[6],"tags":[],"class_list":["post-104951","post","type-post","status-publish","format-standard","has-post-thumbnail","hentry","category-cidades"],"_links":{"self":[{"href":"https:\/\/www.caririemacao.com\/1\/wp-json\/wp\/v2\/posts\/104951","targetHints":{"allow":["GET"]}}],"collection":[{"href":"https:\/\/www.caririemacao.com\/1\/wp-json\/wp\/v2\/posts"}],"about":[{"href":"https:\/\/www.caririemacao.com\/1\/wp-json\/wp\/v2\/types\/post"}],"author":[{"embeddable":true,"href":"https:\/\/www.caririemacao.com\/1\/wp-json\/wp\/v2\/users\/1"}],"replies":[{"embeddable":true,"href":"https:\/\/www.caririemacao.com\/1\/wp-json\/wp\/v2\/comments?post=104951"}],"version-history":[{"count":1,"href":"https:\/\/www.caririemacao.com\/1\/wp-json\/wp\/v2\/posts\/104951\/revisions"}],"predecessor-version":[{"id":104953,"href":"https:\/\/www.caririemacao.com\/1\/wp-json\/wp\/v2\/posts\/104951\/revisions\/104953"}],"wp:featuredmedia":[{"embeddable":true,"href":"https:\/\/www.caririemacao.com\/1\/wp-json\/wp\/v2\/media\/104952"}],"wp:attachment":[{"href":"https:\/\/www.caririemacao.com\/1\/wp-json\/wp\/v2\/media?parent=104951"}],"wp:term":[{"taxonomy":"category","embeddable":true,"href":"https:\/\/www.caririemacao.com\/1\/wp-json\/wp\/v2\/categories?post=104951"},{"taxonomy":"post_tag","embeddable":true,"href":"https:\/\/www.caririemacao.com\/1\/wp-json\/wp\/v2\/tags?post=104951"}],"curies":[{"name":"wp","href":"https:\/\/api.w.org\/{rel}","templated":true}]}}