{"id":104957,"date":"2019-07-16T08:49:58","date_gmt":"2019-07-16T11:49:58","guid":{"rendered":"http:\/\/www.caririemacao.com\/1\/?p=104957"},"modified":"2019-07-16T08:49:58","modified_gmt":"2019-07-16T11:49:58","slug":"datafolha-maioria-se-opoe-a-plano-de-bolsonaro-para-o-transito","status":"publish","type":"post","link":"https:\/\/www.caririemacao.com\/1\/2019\/07\/16\/datafolha-maioria-se-opoe-a-plano-de-bolsonaro-para-o-transito\/","title":{"rendered":"Datafolha: Maioria se op\u00f5e a plano de Bolsonaro para o tr\u00e2nsito"},"content":{"rendered":"\n<p>Os projetos do presidente Jair Bolsonaro (PSL) que afrouxam a fiscaliza\u00e7\u00e3o de tr\u00e2nsito s\u00e3o reprovados pela maioria da popula\u00e7\u00e3o, segundo pesquisa Datafolha.&nbsp;<\/p>\n\n\n\n<p>A proposta de acabar com a multa para quem transporta crian\u00e7as de at\u00e9 sete anos sem cadeirinhas nos ve\u00edculos \u00e9 a que tem maior oposi\u00e7\u00e3o, de 68% dos entrevistados.&nbsp;<\/p>\n\n\n\n<p>Pelo projeto de lei do presidente, a penalidade pecuni\u00e1ria seria substitu\u00edda por uma advert\u00eancia por escrito.&nbsp;<\/p>\n\n\n\n<p>Bolsonaro ainda prometeu acabar com radares de velocidade nas rodovias, o que \u00e9 reprovado por 67% dos que responderam a pesquisa. Uma parcela tamb\u00e9m majorit\u00e1ria, embora menor, \u00e9 contr\u00e1ria ao plano de aumentar de 20 para 40 o limite de pontos da carteira de habilita\u00e7\u00e3o: 56%.&nbsp;<\/p>\n\n\n\n<p>A pesquisa foi realizada nos dias 4 e 5 de julho, com 2.006 pessoas acima de 18 anos, em 130 munic\u00edpios. A margem de erro \u00e9 de dois pontos percentuais, para mais ou para menos.&nbsp;<\/p>\n\n\n\n<p>Em junho, Bolsonaro entregou ao presidente da C\u00e2mara, Rodrigo Maia (DEM-RJ), projeto de lei com uma s\u00e9rie de modifica\u00e7\u00f5es do CTB (C\u00f3digo de Tr\u00e2nsito Brasileiro) que diminuem a chance de condutores serem multados.&nbsp;<\/p>\n\n\n\n<p>A medida foi um aceno de Bolsonaro a parte de seu eleitorado, principalmente os caminhoneiros.&nbsp;<\/p>\n\n\n\n<p>Na \u00e9poca, ele afirmou que quem reclama das propostas &#8220;que procure um taxista, motorista de caminh\u00e3o, quem vive no tr\u00e2nsito, [que] \u00e0s vezes com um pequeno descuido perde a carteira de trabalho&#8221;.<\/p>\n\n\n\n<p>Os itens citados, contudo, n\u00e3o s\u00e3o apoiados pela maioria das pessoas com carteira de motorista -no pa\u00eds, s\u00e3o 72,4 milh\u00f5es. Entre os entrevistados que possuem habilita\u00e7\u00e3o, 70% s\u00e3o contr\u00e1rios ao fim da multa pela falta de cadeirinha e 58% desaprovam ao plano de retirar radares das estradas.&nbsp;<\/p>\n\n\n\n<p>Quanto ao aumento do limite de pontua\u00e7\u00e3o, os habilitados se dividem e ficam tecnicamente empatados -50% t\u00eam opini\u00e3o contr\u00e1ria e 48% s\u00e3o favor\u00e1veis.<\/p>\n\n\n\n<p>Entre os que declararam voto em Bolsonaro, 52% s\u00e3o a favor da duplica\u00e7\u00e3o do limite de pontos antes da suspens\u00e3o da carteira, e 45% n\u00e3o apoiam a mudan\u00e7a.&nbsp;<\/p>\n\n\n\n<p>No entanto, mesmo os eleitores bolsonaristas s\u00e3o contra a retirada dos radares (58%) e n\u00e3o apoiam o fim da multa para as cadeirinhas (63%).&nbsp;<\/p>\n\n\n\n<p>De forma esperada, os eleitores do rival de Bolsonaro no segundo turno das elei\u00e7\u00f5es, Fernando Haddad (PT), s\u00e3o majoritariamente contra todas as medidas, chegando a 79% de oposi\u00e7\u00e3o na quest\u00e3o dos radares nas rodovias.&nbsp;<\/p>\n\n\n\n<p>Levantamento feito pela Folha de S.Paulo mostrou que houve redu\u00e7\u00e3o m\u00e9dia de mortes de 21,7% nos quil\u00f4metros de rodovias federais em que o dispositivo eletr\u00f4nico foi colocado.&nbsp;<\/p>\n\n\n\n<p>Bolsonaro \u00e9 forte cr\u00edtico do que chama de &#8220;ind\u00fastria da multa&#8221; por meio dos radares, mas n\u00e3o apresentou estudos t\u00e9cnicos para embasar suas declara\u00e7\u00f5es nem as medidas.&nbsp;<\/p>\n\n\n\n<p>A fam\u00edlia do presidente -o pr\u00f3prio Bolsonaro, a primeira-dama, Michelle e tr\u00eas dos filhos- recebeu ao menos 44 multas de tr\u00e2nsito nos \u00faltimos cinco anos, conforme a Folha de S.Paulo revelou.&nbsp;<\/p>\n\n\n\n<p>A primeira-dama e o senador Fl\u00e1vio Bolsonaro (PSL-RJ) somam infra\u00e7\u00f5es que ultrapassam o limite de 20 pontos para o per\u00edodo de um ano \u2013o que, em tese, acarretaria a suspens\u00e3o do direito de dirigir.<\/p>\n\n\n\n<p>Entre os entrevistados, 21% afirmam que foram multados nos \u00faltimos 12 meses, contra 79% que responderam negativamente \u00e0 pergunta.&nbsp;<\/p>\n\n\n\n<p>De acordo com a pesquisa, a maior parcela dos entrevistados (41%) diz acreditar que as propostas para o tr\u00e2nsito feitas por Bolsonaro tornar\u00e3o o tr\u00e2nsito mais violento. Para 36%, a situa\u00e7\u00e3o continuar\u00e1 igual. Outros 20% afirmam que os projetos do presidente proporcionar\u00e3o um tr\u00e2nsito mais seguro.<\/p>\n\n\n\n<p>No estrato das pessoas que avaliam o governo como \u00f3timo ou bom, 29% afirmam que as medidas tornar\u00e3o o tr\u00e2nsito mais seguro, 24% dizem que vai ficar mais violento e 44% avaliam que n\u00e3o haver\u00e1 mudan\u00e7a.&nbsp;<\/p>\n\n\n\n<p>Os entrevistados com n\u00edvel superior e com renda acima de cinco sal\u00e1rios m\u00ednimos est\u00e3o mais pessimistas -55% dos com maior grau de estudo e 49% das pessoas com renda maior dizem acreditar que a situa\u00e7\u00e3o vai piorar.&nbsp;<\/p>\n\n\n\n<p>Na divis\u00e3o por religi\u00e3o, os cat\u00f3licos t\u00eam maior \u00edndice de pessoas que dizem que o tr\u00e2nsito vai ficar mais violento do que os evang\u00e9licos, base de apoio de Bolsonaro -43% contra 33%, respectivamente. Para 20% dos cat\u00f3licos e 23% dos evang\u00e9licos, as medidas melhorar\u00e3o a seguran\u00e7a.<\/p>\n\n\n\n<p>O projeto de Bolsonaro enviado \u00e0 C\u00e2mara traz uma s\u00e9rie de outras mudan\u00e7as. O texto, por exemplo, acaba com a multa para condutores que guiem sem o farol baixo ligado durante o dia.&nbsp;<\/p>\n\n\n\n<p>O projeto tamb\u00e9m p\u00f5e fim na exig\u00eancia de exame toxicol\u00f3gico para a emiss\u00e3o e renova\u00e7\u00e3o da CNH para as categorias C, D e E (o que inclui ve\u00edculos de carga e \u00f4nibus).<\/p>\n\n\n\n<p>Mulheres de baixa renda s\u00e3o as mais exclu\u00eddas do tr\u00e2nsito A pesquisa Datafolha mostra que a carteira de habilita\u00e7\u00e3o \u00e9 mais rara entre as mulheres e pessoas com menor renda.&nbsp;<\/p>\n\n\n\n<p>Uma parcela de 39% dos brasileiros com 18 anos ou mais possui carteira de motorista. No caso das mulheres, o \u00edndice \u00e9 de apenas 24%. J\u00e1 entre os homens o percentual \u00e9 de 55%.&nbsp;<\/p>\n\n\n\n<p>A posse do documento aumenta proporcionalmente \u00e0 renda. Entre as pessoas que ganham mais de 10 sal\u00e1rios m\u00ednimos, o percentual alcan\u00e7a 80%. No extremo oposto, entre as pessoas com renda menor de dois sal\u00e1rios, s\u00f3 20% t\u00eam CNH.&nbsp;<\/p>\n\n\n\n<p>O menor \u00edndice \u00e9 das mulheres nessa faixa de renda, estrato em que s\u00f3 9% possuem habilita\u00e7\u00e3o para dirigir (contra 37% dos homens na mesma situa\u00e7\u00e3o). Das mulheres com renda familiar acima de cinco sal\u00e1rios m\u00ednimos, 2 em cada 3 s\u00e3o habilitadas.<\/p>\n","protected":false},"excerpt":{"rendered":"<p>Os projetos do presidente Jair Bolsonaro (PSL) que afrouxam a fiscaliza\u00e7\u00e3o de tr\u00e2nsito s\u00e3o reprovados pela maioria da popula\u00e7\u00e3o, segundo pesquisa Datafolha.&nbsp; A proposta de&hellip; <\/p>\n","protected":false},"author":1,"featured_media":104958,"comment_status":"closed","ping_status":"closed","sticky":false,"template":"","format":"standard","meta":{"sfsi_plus_gutenberg_text_before_share":"","sfsi_plus_gutenberg_show_text_before_share":"","sfsi_plus_gutenberg_icon_type":"","sfsi_plus_gutenberg_icon_alignemt":"","sfsi_plus_gutenburg_max_per_row":"","footnotes":""},"categories":[11],"tags":[],"class_list":["post-104957","post","type-post","status-publish","format-standard","has-post-thumbnail","hentry","category-politica"],"_links":{"self":[{"href":"https:\/\/www.caririemacao.com\/1\/wp-json\/wp\/v2\/posts\/104957","targetHints":{"allow":["GET"]}}],"collection":[{"href":"https:\/\/www.caririemacao.com\/1\/wp-json\/wp\/v2\/posts"}],"about":[{"href":"https:\/\/www.caririemacao.com\/1\/wp-json\/wp\/v2\/types\/post"}],"author":[{"embeddable":true,"href":"https:\/\/www.caririemacao.com\/1\/wp-json\/wp\/v2\/users\/1"}],"replies":[{"embeddable":true,"href":"https:\/\/www.caririemacao.com\/1\/wp-json\/wp\/v2\/comments?post=104957"}],"version-history":[{"count":1,"href":"https:\/\/www.caririemacao.com\/1\/wp-json\/wp\/v2\/posts\/104957\/revisions"}],"predecessor-version":[{"id":104959,"href":"https:\/\/www.caririemacao.com\/1\/wp-json\/wp\/v2\/posts\/104957\/revisions\/104959"}],"wp:featuredmedia":[{"embeddable":true,"href":"https:\/\/www.caririemacao.com\/1\/wp-json\/wp\/v2\/media\/104958"}],"wp:attachment":[{"href":"https:\/\/www.caririemacao.com\/1\/wp-json\/wp\/v2\/media?parent=104957"}],"wp:term":[{"taxonomy":"category","embeddable":true,"href":"https:\/\/www.caririemacao.com\/1\/wp-json\/wp\/v2\/categories?post=104957"},{"taxonomy":"post_tag","embeddable":true,"href":"https:\/\/www.caririemacao.com\/1\/wp-json\/wp\/v2\/tags?post=104957"}],"curies":[{"name":"wp","href":"https:\/\/api.w.org\/{rel}","templated":true}]}}