{"id":104970,"date":"2019-07-16T09:21:27","date_gmt":"2019-07-16T12:21:27","guid":{"rendered":"http:\/\/www.caririemacao.com\/1\/?p=104970"},"modified":"2019-07-16T09:21:27","modified_gmt":"2019-07-16T12:21:27","slug":"inep-maioria-dos-candidatos-do-enem-e-mulher-e-negra","status":"publish","type":"post","link":"https:\/\/www.caririemacao.com\/1\/2019\/07\/16\/inep-maioria-dos-candidatos-do-enem-e-mulher-e-negra\/","title":{"rendered":"Inep: Maioria dos candidatos do Enem \u00e9 mulher e negra"},"content":{"rendered":"\n<p>Dados divulgados pelo Instituto Nacional de&nbsp;Estudos e Pesquisa Educacionais An\u00edsio Teixeira (Inep), respons\u00e1vel pelo Exame Nacional do Ensino M\u00e9dio (Enem), aponta que maioria dos quase 6 milh\u00f5es de inscritos no exame \u00e9 composta por mulheres, negras ou pardas com idades entre 21 e 30 anos.&nbsp;<\/p>\n\n\n\n<p>Ainda segundo os dados o maior volume de inscri\u00e7\u00f5es foi feito na regi\u00e3o Sudeste, sendo 16% dos participantes s\u00e3o do Estado de S\u00e3o Paulo.&nbsp;<\/p>\n\n\n\n<p>O presidente substituto do Inep, Camilo Mussi, destacou que mais da metade dos participantes s\u00e3o jovens de at\u00e9 20 anos e est\u00e3o fazendo o exame pela primeira. Outra curiosidade \u00e9 a participa\u00e7\u00e3o de 10 mil idosos.&nbsp;&nbsp;<\/p>\n\n\n\n<p>&#8220;O Inep se preocupa muito com a inclus\u00e3o e, neste ano, teremos 98 participantes que far\u00e3o a prova nos hospitais\u201d, completo Camilo.&nbsp;<\/p>\n\n\n\n<p>O n\u00famero de treineiros, aqueles que n\u00e3o v\u00e3o concluir o ensino m\u00e9dio mas querem conhecer a prova, tamb\u00e9m se manteve alto, com 616.673 estudantes.<br><\/p>\n\n\n\n<p>Do total, 58,5% dos participantes n\u00e3o precisaram pagar a taxa de R$ 85 para o Enem de 2019. O \u00edndice \u00e9 inferior ao do ano passado, quando 63,9% dos inscritos tiveram isen\u00e7\u00e3o.<\/p>\n\n\n\n<p>O Exame Nacional do Ensino M\u00e9dio ser\u00e1 aplicado nos dias 3 e 10 de novembro, os dois primeiros domingos do m\u00eas.&nbsp;<\/p>\n","protected":false},"excerpt":{"rendered":"<p>Dados divulgados pelo Instituto Nacional de&nbsp;Estudos e Pesquisa Educacionais An\u00edsio Teixeira (Inep), respons\u00e1vel pelo Exame Nacional do Ensino M\u00e9dio (Enem), aponta que maioria dos quase&hellip; <\/p>\n","protected":false},"author":1,"featured_media":104971,"comment_status":"closed","ping_status":"closed","sticky":false,"template":"","format":"standard","meta":{"sfsi_plus_gutenberg_text_before_share":"","sfsi_plus_gutenberg_show_text_before_share":"","sfsi_plus_gutenberg_icon_type":"","sfsi_plus_gutenberg_icon_alignemt":"","sfsi_plus_gutenburg_max_per_row":"","footnotes":""},"categories":[2],"tags":[],"class_list":["post-104970","post","type-post","status-publish","format-standard","has-post-thumbnail","hentry","category-geral"],"_links":{"self":[{"href":"https:\/\/www.caririemacao.com\/1\/wp-json\/wp\/v2\/posts\/104970","targetHints":{"allow":["GET"]}}],"collection":[{"href":"https:\/\/www.caririemacao.com\/1\/wp-json\/wp\/v2\/posts"}],"about":[{"href":"https:\/\/www.caririemacao.com\/1\/wp-json\/wp\/v2\/types\/post"}],"author":[{"embeddable":true,"href":"https:\/\/www.caririemacao.com\/1\/wp-json\/wp\/v2\/users\/1"}],"replies":[{"embeddable":true,"href":"https:\/\/www.caririemacao.com\/1\/wp-json\/wp\/v2\/comments?post=104970"}],"version-history":[{"count":1,"href":"https:\/\/www.caririemacao.com\/1\/wp-json\/wp\/v2\/posts\/104970\/revisions"}],"predecessor-version":[{"id":104972,"href":"https:\/\/www.caririemacao.com\/1\/wp-json\/wp\/v2\/posts\/104970\/revisions\/104972"}],"wp:featuredmedia":[{"embeddable":true,"href":"https:\/\/www.caririemacao.com\/1\/wp-json\/wp\/v2\/media\/104971"}],"wp:attachment":[{"href":"https:\/\/www.caririemacao.com\/1\/wp-json\/wp\/v2\/media?parent=104970"}],"wp:term":[{"taxonomy":"category","embeddable":true,"href":"https:\/\/www.caririemacao.com\/1\/wp-json\/wp\/v2\/categories?post=104970"},{"taxonomy":"post_tag","embeddable":true,"href":"https:\/\/www.caririemacao.com\/1\/wp-json\/wp\/v2\/tags?post=104970"}],"curies":[{"name":"wp","href":"https:\/\/api.w.org\/{rel}","templated":true}]}}