{"id":104976,"date":"2019-07-16T09:26:27","date_gmt":"2019-07-16T12:26:27","guid":{"rendered":"http:\/\/www.caririemacao.com\/1\/?p=104976"},"modified":"2019-07-16T09:26:27","modified_gmt":"2019-07-16T12:26:27","slug":"termina-hoje-prazo-para-participar-da-lista-de-espera-do-prouni","status":"publish","type":"post","link":"https:\/\/www.caririemacao.com\/1\/2019\/07\/16\/termina-hoje-prazo-para-participar-da-lista-de-espera-do-prouni\/","title":{"rendered":"Termina hoje prazo para participar da lista de espera do ProUni"},"content":{"rendered":"\n<p>Termina nesta ter\u00e7a-feira&nbsp;(16), o prazo para participar da lista de espera do Programa Universidade para Todos (ProUni).&nbsp;A ades\u00e3o \u00e9 feita na&nbsp;<a href=\"http:\/\/siteprouni.mec.gov.br\/\">p\u00e1gina do programa<\/a>, pela internet. A rela\u00e7\u00e3o dos candidatos em lista de espera ser\u00e1 divulgada na quinta-feira (18).<\/p>\n\n\n\n<p>Podem participar da lista de espera os candidatos que n\u00e3o foram selecionados na primeira op\u00e7\u00e3o de curso feita na hora da inscri\u00e7\u00e3o em nenhuma das duas chamadas regulares do programa.<\/p>\n\n\n\n<p>Al\u00e9m disso, podem participar aqueles que foram selecionados para a segunda op\u00e7\u00e3o, mas cuja turma n\u00e3o foi formada. Esses estudantes concorrem a vagas para a primeira op\u00e7\u00e3o de curso.<\/p>\n\n\n\n<p>Devem concorrer a vagas para a segunda op\u00e7\u00e3o de curso aqueles cujas turmas da primeira op\u00e7\u00e3o n\u00e3o foram formadas ou as bolsas da primeira op\u00e7\u00e3o n\u00e3o foram disponibilizadas.<\/p>\n\n\n\n<p>Todos os candidatos participantes da lista ter\u00e3o que comparecer, entre os dias 19 e 22 de julho, \u00e0s respectivas institui\u00e7\u00f5es para apresentar a documenta\u00e7\u00e3o para comprova\u00e7\u00e3o das informa\u00e7\u00f5es prestadas na inscri\u00e7\u00e3o.<\/p>\n\n\n\n<p>A lista de espera ser\u00e1 usada pelas institui\u00e7\u00f5es de ensino para preencher as vagas que, ap\u00f3s a primeira e a segunda chamadas, permanecerem dispon\u00edveis.<\/p>\n\n\n\n<p><strong>ProUni<\/strong><\/p>\n\n\n\n<p>Ao todo, ser\u00e3o ofertadas para o segundo semestre deste ano 169.226 bolsas de estudos em institui\u00e7\u00f5es particulares de ensino superior, sendo 68.087 bolsas integrais, de 100% do valor da mensalidade, e 101.139 parciais, que cobrem 50% do valor da mensalidade.<\/p>\n\n\n\n<p>As bolsas integrais s\u00e3o destinadas a estudantes com renda familiar bruta per capita de at\u00e9 1,5 sal\u00e1rio m\u00ednimo.<\/p>\n\n\n\n<p>As bolsas parciais contemplam os candidatos que t\u00eam renda familiar bruta per capita de at\u00e9 3 sal\u00e1rios m\u00ednimos.<\/p>\n\n\n\n<p>O ProUni \u00e9 voltado para candidatos que n\u00e3o tenham diploma de curso superior e que tenham participado do Exame Nacional do Ensino M\u00e9dio (Enem) 2018.<\/p>\n\n\n\n<p>Os estudantes precisam ter cursado o ensino m\u00e9dio completo em escola p\u00fablica ou em institui\u00e7\u00e3o privada como bolsistas integrais.<\/p>\n\n\n\n<p>\u00c9 preciso ainda ter obtido nota m\u00ednima de 450 pontos na m\u00e9dia aritm\u00e9tica das notas nas provas do Enem.<\/p>\n\n\n\n<p>Tamb\u00e9m podem se inscrever no programa estudantes com defici\u00eancia e professores da rede p\u00fablica.<\/p>\n","protected":false},"excerpt":{"rendered":"<p>Termina nesta ter\u00e7a-feira&nbsp;(16), o prazo para participar da lista de espera do Programa Universidade para Todos (ProUni).&nbsp;A ades\u00e3o \u00e9 feita na&nbsp;p\u00e1gina do programa, pela internet.&hellip; <\/p>\n","protected":false},"author":1,"featured_media":104977,"comment_status":"closed","ping_status":"closed","sticky":false,"template":"","format":"standard","meta":{"sfsi_plus_gutenberg_text_before_share":"","sfsi_plus_gutenberg_show_text_before_share":"","sfsi_plus_gutenberg_icon_type":"","sfsi_plus_gutenberg_icon_alignemt":"","sfsi_plus_gutenburg_max_per_row":"","footnotes":""},"categories":[2],"tags":[],"class_list":["post-104976","post","type-post","status-publish","format-standard","has-post-thumbnail","hentry","category-geral"],"_links":{"self":[{"href":"https:\/\/www.caririemacao.com\/1\/wp-json\/wp\/v2\/posts\/104976","targetHints":{"allow":["GET"]}}],"collection":[{"href":"https:\/\/www.caririemacao.com\/1\/wp-json\/wp\/v2\/posts"}],"about":[{"href":"https:\/\/www.caririemacao.com\/1\/wp-json\/wp\/v2\/types\/post"}],"author":[{"embeddable":true,"href":"https:\/\/www.caririemacao.com\/1\/wp-json\/wp\/v2\/users\/1"}],"replies":[{"embeddable":true,"href":"https:\/\/www.caririemacao.com\/1\/wp-json\/wp\/v2\/comments?post=104976"}],"version-history":[{"count":1,"href":"https:\/\/www.caririemacao.com\/1\/wp-json\/wp\/v2\/posts\/104976\/revisions"}],"predecessor-version":[{"id":104978,"href":"https:\/\/www.caririemacao.com\/1\/wp-json\/wp\/v2\/posts\/104976\/revisions\/104978"}],"wp:featuredmedia":[{"embeddable":true,"href":"https:\/\/www.caririemacao.com\/1\/wp-json\/wp\/v2\/media\/104977"}],"wp:attachment":[{"href":"https:\/\/www.caririemacao.com\/1\/wp-json\/wp\/v2\/media?parent=104976"}],"wp:term":[{"taxonomy":"category","embeddable":true,"href":"https:\/\/www.caririemacao.com\/1\/wp-json\/wp\/v2\/categories?post=104976"},{"taxonomy":"post_tag","embeddable":true,"href":"https:\/\/www.caririemacao.com\/1\/wp-json\/wp\/v2\/tags?post=104976"}],"curies":[{"name":"wp","href":"https:\/\/api.w.org\/{rel}","templated":true}]}}