{"id":104995,"date":"2019-07-16T10:30:00","date_gmt":"2019-07-16T13:30:00","guid":{"rendered":"http:\/\/www.caririemacao.com\/1\/?p=104995"},"modified":"2019-07-16T10:30:00","modified_gmt":"2019-07-16T13:30:00","slug":"bolsonaro-volta-a-defender-indicacao-de-filho-fala-ingles-e-frita-hamburguer","status":"publish","type":"post","link":"https:\/\/www.caririemacao.com\/1\/2019\/07\/16\/bolsonaro-volta-a-defender-indicacao-de-filho-fala-ingles-e-frita-hamburguer\/","title":{"rendered":"Bolsonaro volta a defender indica\u00e7\u00e3o de filho: \u2018Fala ingl\u00eas e frita hamb\u00farguer\u2019"},"content":{"rendered":"\n<p>O presidente Jair Bolsonaro voltou a defender nesta ter\u00e7a-feira (16) a indica\u00e7\u00e3o de seu filho, o deputado federal Eduardo Bolsonaro (PSL-SP), para o posto de embaixador nos Estados Unidos e ironizou as cr\u00edticas feitas contra ele por falta de experi\u00eancia para a fun\u00e7\u00e3o.<\/p>\n\n\n\n<p>Na entrada do Pal\u00e1cio do Alvorada, onde promove reuni\u00e3o ministerial, ele cumprimentou eleitores e salientou que, al\u00e9m de falar ingl\u00eas e espanhol, o filho sabe fritar hamb\u00fargueres. A habilidade foi citada pelo pr\u00f3prio parlamentar e acabou virando piada nas redes sociais.<\/p>\n\n\n\n<p>\u201cEduardo \u00e9 meu filho. Fala ingl\u00eas, fala espanhol, tem uma viv\u00eancia internacional muito grande. E frita hamb\u00farguer tamb\u00e9m, t\u00e1 legal?\u201d, disse.<\/p>\n\n\n\n<p>Na porta da resid\u00eancia oficial, onde Bolsonaro participou com sua equipe de ministros de cerim\u00f4nia de hasteamento da bandeira, simpatizantes do presidente, que compareceram para acompanhar o evento, defenderam a indica\u00e7\u00e3o do filho dele para o cargo.<\/p>\n\n\n\n<p>Desde o final de semana, o Pal\u00e1cio do Planalto tem feito sondagens informais para avaliar as chances de aprova\u00e7\u00e3o pelo Senado do nome do parlamentar para o posto diplom\u00e1tico.<\/p>\n\n\n\n<p>Bolsonaro est\u00e1 determinado a oficializar a indica\u00e7\u00e3o, mas, em conversas reservadas, demonstrou inc\u00f4modo com a possibilidade de rejei\u00e7\u00e3o, o que representaria uma derrota pessoal por se tratar de seu filho.<\/p>\n\n\n\n<p>Os sinais iniciais emitidos pelos senadores preocupam. Um primeiro placar esbo\u00e7ado por emiss\u00e1rios do presidente aponta que o parlamentar teria hoje o apoio de 8 dos 17 integrantes da comiss\u00e3o, o que demonstra pouca folga em uma eventual vota\u00e7\u00e3o.<\/p>\n\n\n\n<p>A previs\u00e3o de um placar apertado no colegiado j\u00e1 leva auxiliares presidenciais a considerarem fundamental uma a\u00e7\u00e3o refor\u00e7ada junto ao presidente do Senado, Davi Alcolumbre (DEM-AP).<\/p>\n\n\n\n<p>Mesmo que o governo sofra uma derrota na comiss\u00e3o, por exemplo, o cen\u00e1rio adverso pode ser revertido no plen\u00e1rio (basta maioria simples para aprova\u00e7\u00e3o).<\/p>\n\n\n\n<p>Aliados de Alcolumbre afirmam que, embora n\u00e3o tenha n\u00e3o gostado da indica\u00e7\u00e3o, ele n\u00e3o pretende trabalhar contra o filho do presidente.<\/p>\n","protected":false},"excerpt":{"rendered":"<p>O presidente Jair Bolsonaro voltou a defender nesta ter\u00e7a-feira (16) a indica\u00e7\u00e3o de seu filho, o deputado federal Eduardo Bolsonaro (PSL-SP), para o posto de&hellip; <\/p>\n","protected":false},"author":1,"featured_media":104996,"comment_status":"closed","ping_status":"closed","sticky":false,"template":"","format":"standard","meta":{"sfsi_plus_gutenberg_text_before_share":"","sfsi_plus_gutenberg_show_text_before_share":"","sfsi_plus_gutenberg_icon_type":"","sfsi_plus_gutenberg_icon_alignemt":"","sfsi_plus_gutenburg_max_per_row":"","footnotes":""},"categories":[11],"tags":[],"class_list":["post-104995","post","type-post","status-publish","format-standard","has-post-thumbnail","hentry","category-politica"],"_links":{"self":[{"href":"https:\/\/www.caririemacao.com\/1\/wp-json\/wp\/v2\/posts\/104995","targetHints":{"allow":["GET"]}}],"collection":[{"href":"https:\/\/www.caririemacao.com\/1\/wp-json\/wp\/v2\/posts"}],"about":[{"href":"https:\/\/www.caririemacao.com\/1\/wp-json\/wp\/v2\/types\/post"}],"author":[{"embeddable":true,"href":"https:\/\/www.caririemacao.com\/1\/wp-json\/wp\/v2\/users\/1"}],"replies":[{"embeddable":true,"href":"https:\/\/www.caririemacao.com\/1\/wp-json\/wp\/v2\/comments?post=104995"}],"version-history":[{"count":1,"href":"https:\/\/www.caririemacao.com\/1\/wp-json\/wp\/v2\/posts\/104995\/revisions"}],"predecessor-version":[{"id":104997,"href":"https:\/\/www.caririemacao.com\/1\/wp-json\/wp\/v2\/posts\/104995\/revisions\/104997"}],"wp:featuredmedia":[{"embeddable":true,"href":"https:\/\/www.caririemacao.com\/1\/wp-json\/wp\/v2\/media\/104996"}],"wp:attachment":[{"href":"https:\/\/www.caririemacao.com\/1\/wp-json\/wp\/v2\/media?parent=104995"}],"wp:term":[{"taxonomy":"category","embeddable":true,"href":"https:\/\/www.caririemacao.com\/1\/wp-json\/wp\/v2\/categories?post=104995"},{"taxonomy":"post_tag","embeddable":true,"href":"https:\/\/www.caririemacao.com\/1\/wp-json\/wp\/v2\/tags?post=104995"}],"curies":[{"name":"wp","href":"https:\/\/api.w.org\/{rel}","templated":true}]}}