{"id":105002,"date":"2019-07-16T13:26:19","date_gmt":"2019-07-16T16:26:19","guid":{"rendered":"http:\/\/www.caririemacao.com\/1\/?p=105002"},"modified":"2019-07-16T13:27:22","modified_gmt":"2019-07-16T16:27:22","slug":"bomba-ex-vereador-de-parari-faz-grandes-revelacoes","status":"publish","type":"post","link":"https:\/\/www.caririemacao.com\/1\/2019\/07\/16\/bomba-ex-vereador-de-parari-faz-grandes-revelacoes\/","title":{"rendered":"BOMBA: Ex-vereador de Parari faz grandes revela\u00e7\u00f5es"},"content":{"rendered":"\n<p>O ex-presidente da C\u00e2mara de Parari, Di\u00f3genes Correia, concedeu neste \u00faltimo domingo, dia 13, uma entrevista exclusiva ao programa A Tribuna do Cariri, veiculado aos domingos na IND FM em Serra Branca, em apresentado pelos radialista Gutyelson Henrik e Francisco J\u00fanior.<\/p>\n\n\n\n<figure class=\"wp-block-image\"><img fetchpriority=\"high\" decoding=\"async\" width=\"495\" height=\"371\" src=\"http:\/\/www.caririemacao.com\/1\/wp-content\/uploads\/2019\/07\/WhatsApp-Image-2019-07-16-at-09.36.17.jpeg\" alt=\"\" class=\"wp-image-105003\" srcset=\"https:\/\/www.caririemacao.com\/1\/wp-content\/uploads\/2019\/07\/WhatsApp-Image-2019-07-16-at-09.36.17.jpeg 495w, https:\/\/www.caririemacao.com\/1\/wp-content\/uploads\/2019\/07\/WhatsApp-Image-2019-07-16-at-09.36.17-300x225.jpeg 300w\" sizes=\"(max-width: 495px) 100vw, 495px\" \/><\/figure>\n\n\n\n<p>Na ocasi\u00e3o, o ex-parlamentar fez uma avalia\u00e7\u00e3o de sua vida\np\u00fablica e de suas a\u00e7\u00f5es enquanto esteve \u00e0 frente do mandato de vereador, presidindo,\ninclusive, o Poder Legislativo parariense.<\/p>\n\n\n\n<p>Sem tom de cr\u00edticas, Di\u00f3genes ainda enfatizou os avan\u00e7os e\nretrocessos que o munic\u00edpio viveu e vive durante os dois anos e seis meses, da\natual administra\u00e7\u00e3o. <\/p>\n\n\n\n<p>Questionado sobre os projetos para 2020, ele descartou qualquer\npossibilidade de sair candidato. O fato que chamou aten\u00e7\u00e3o na fala de Di\u00f3genes,\nfoi o tom de despedida e de muita gratid\u00e3o \u00e0 popula\u00e7\u00e3o do munic\u00edpio que lhe concedeu\num mandato de vereador e dois mandatos de presidente, atrav\u00e9s da sua representatividade.<\/p>\n\n\n\n<p>Ap\u00f3s falar de sua trajet\u00f3ria Di\u00f3genes Correia, revelou que acerca de um ano e meio est\u00e1 morando em Santo Andr\u00e9, e ratificou que n\u00e3o tem nenhuma pretens\u00e3o para 2020, afirmando que tem como prioridade a fam\u00edlia e a sua atividade empresarial. <\/p>\n\n\n\n<figure class=\"wp-block-image\"><img decoding=\"async\" width=\"720\" height=\"540\" data-src=\"http:\/\/www.caririemacao.com\/1\/wp-content\/uploads\/2019\/07\/WhatsApp-Image-2019-07-16-at-09.36.17-1.jpeg\" alt=\"\" class=\"wp-image-105004 lazyload\" data-srcset=\"https:\/\/www.caririemacao.com\/1\/wp-content\/uploads\/2019\/07\/WhatsApp-Image-2019-07-16-at-09.36.17-1.jpeg 720w, https:\/\/www.caririemacao.com\/1\/wp-content\/uploads\/2019\/07\/WhatsApp-Image-2019-07-16-at-09.36.17-1-300x225.jpeg 300w\" data-sizes=\"(max-width: 720px) 100vw, 720px\" src=\"data:image\/svg+xml;base64,PHN2ZyB3aWR0aD0iMSIgaGVpZ2h0PSIxIiB4bWxucz0iaHR0cDovL3d3dy53My5vcmcvMjAwMC9zdmciPjwvc3ZnPg==\" style=\"--smush-placeholder-width: 720px; --smush-placeholder-aspect-ratio: 720\/540;\" \/><\/figure>\n\n\n\n<p>Mesmo com todas as afirma\u00e7\u00f5es, a bancada do programa A\nTribuna do Cariri, indagou se todas as possibilidades estavam descartadas, foi\nnesse momento onde ele respondeu, que mesmo que ele mudasse de ideia n\u00e3o\npoderia, pois com a sua mudan\u00e7a para a vizinha cidade de Santo Andr\u00e9, ele\ntamb\u00e9m mudou o seu domic\u00edlio eleitoral, ap\u00f3s essa fala, a Di\u00f3genes mostrou o\nnovo t\u00edtulo, o que comprovou o seu desligamento dos quadros pol\u00edticos de\nParari. <\/p>\n\n\n\n<p>Di\u00f3genes tamb\u00e9m revelou que foi convidado para participar das\nelei\u00e7\u00f5es 2020 em Santo Andr\u00e9, mais que essa possibilidade tamb\u00e9m estava\ndescartada, uma vez que ele tem tra\u00e7ado outro projeto de vida, e ao mesmo tempo\nse comprometeu em contribuir com o crescimento do pacato munic\u00edpio de Santo\nAndr\u00e9, de outra forma que n\u00e3o seja atrav\u00e9s de cargos eletivos. <\/p>\n\n\n\n<p>O ex-vereador finalizou a sua fala, com a voz embargada,\nagradecendo ao povo de Parari pela confian\u00e7a e destacou o seu amor pela terra\nque morou e fez grandes amizades.<\/p>\n\n\n\n<p>Di\u00f3genes foi candidato a vereador pela primeira vez em 2012,\neleito com 103 votos e logo ap\u00f3s foi eleito presidente da C\u00e2mara de Parari para\no bi\u00eanio 2013\/2014 e reeleito para o bi\u00eanio 2015\/2016. Em 2016 foi candidato a\nprefeito pelo PPS, na ocasi\u00e3o recebeu 40.74% dos votos v\u00e1lidos.<\/p>\n\n\n\n<p>A Tribuna do Cariri <\/p>\n\n\n\n<p>Gutyelson Henrik<\/p>\n","protected":false},"excerpt":{"rendered":"<p>O ex-presidente da C\u00e2mara de Parari, Di\u00f3genes Correia, concedeu neste \u00faltimo domingo, dia 13, uma entrevista exclusiva ao programa A Tribuna do Cariri, veiculado aos&hellip; <\/p>\n","protected":false},"author":2,"featured_media":105006,"comment_status":"closed","ping_status":"closed","sticky":false,"template":"","format":"standard","meta":{"sfsi_plus_gutenberg_text_before_share":"","sfsi_plus_gutenberg_show_text_before_share":"","sfsi_plus_gutenberg_icon_type":"","sfsi_plus_gutenberg_icon_alignemt":"","sfsi_plus_gutenburg_max_per_row":"","footnotes":""},"categories":[50,11],"tags":[],"class_list":["post-105002","post","type-post","status-publish","format-standard","has-post-thumbnail","hentry","category-destaque","category-politica"],"_links":{"self":[{"href":"https:\/\/www.caririemacao.com\/1\/wp-json\/wp\/v2\/posts\/105002","targetHints":{"allow":["GET"]}}],"collection":[{"href":"https:\/\/www.caririemacao.com\/1\/wp-json\/wp\/v2\/posts"}],"about":[{"href":"https:\/\/www.caririemacao.com\/1\/wp-json\/wp\/v2\/types\/post"}],"author":[{"embeddable":true,"href":"https:\/\/www.caririemacao.com\/1\/wp-json\/wp\/v2\/users\/2"}],"replies":[{"embeddable":true,"href":"https:\/\/www.caririemacao.com\/1\/wp-json\/wp\/v2\/comments?post=105002"}],"version-history":[{"count":2,"href":"https:\/\/www.caririemacao.com\/1\/wp-json\/wp\/v2\/posts\/105002\/revisions"}],"predecessor-version":[{"id":105007,"href":"https:\/\/www.caririemacao.com\/1\/wp-json\/wp\/v2\/posts\/105002\/revisions\/105007"}],"wp:featuredmedia":[{"embeddable":true,"href":"https:\/\/www.caririemacao.com\/1\/wp-json\/wp\/v2\/media\/105006"}],"wp:attachment":[{"href":"https:\/\/www.caririemacao.com\/1\/wp-json\/wp\/v2\/media?parent=105002"}],"wp:term":[{"taxonomy":"category","embeddable":true,"href":"https:\/\/www.caririemacao.com\/1\/wp-json\/wp\/v2\/categories?post=105002"},{"taxonomy":"post_tag","embeddable":true,"href":"https:\/\/www.caririemacao.com\/1\/wp-json\/wp\/v2\/tags?post=105002"}],"curies":[{"name":"wp","href":"https:\/\/api.w.org\/{rel}","templated":true}]}}