{"id":105008,"date":"2019-07-16T13:57:52","date_gmt":"2019-07-16T16:57:52","guid":{"rendered":"http:\/\/www.caririemacao.com\/1\/?p=105008"},"modified":"2019-07-16T13:57:52","modified_gmt":"2019-07-16T16:57:52","slug":"prefeito-eden-duarte-realiza-mais-um-ciclo-de-plenarias-do-odm-e-entrega-beneficios-para-as-comunidades","status":"publish","type":"post","link":"https:\/\/www.caririemacao.com\/1\/2019\/07\/16\/prefeito-eden-duarte-realiza-mais-um-ciclo-de-plenarias-do-odm-e-entrega-beneficios-para-as-comunidades\/","title":{"rendered":"Prefeito \u00c9den Duarte realiza mais um ciclo de plen\u00e1rias do ODM e entrega benef\u00edcios para as comunidades"},"content":{"rendered":"\n<p>O prefeito de Sum\u00e9, \u00c9den Duarte, ao implantar o Or\u00e7amento Democr\u00e1tico Municipal (ODM) n\u00e3o tinha d\u00favidas de que essa ferramenta de gest\u00e3o seria um sucesso perante \u00e0 opini\u00e3o p\u00fablica do munic\u00edpio, dada a sua efic\u00e1cia enquanto empoderamento popular. Com apenas tr\u00eas plen\u00e1rias realizadas, em menos de um m\u00eas, o ODM j\u00e1 mostrou que veio para ficar, independente do gestor que estiver no cargo. <br>\nNa \u00faltima sexta-feira, dia 12 de julho, a segunda plen\u00e1ria do ODM aconteceu na quadra da Escola Presidente Vargas. Foi o momento em que a popula\u00e7\u00e3o dos bairros do Alto Alegre e adjac\u00eancia fez cidadania, tendo a oportunidade de dizer o que \u00e9 melhor para eles viverem em comunidade. <br>\nO prefeito \u00c9den, juntamente com toda sua equipe de governo e representantes do legislativo sumeense, vem acompanhado as demandas solicitadas nas audi\u00eancias p\u00fablicas realizadas at\u00e9 o momento. Ele se compromete em analisar cada caso para poder resolv\u00ea-los dentro dos limites or\u00e7ament\u00e1rios. \u00c9den tem reiterado a import\u00e2ncia da participa\u00e7\u00e3o da C\u00e2mara de vereadores nesse processo para poder ajudar na aprova\u00e7\u00e3o do or\u00e7amento anual. <br>\nNo s\u00e1bado (13), a comunidade da Concei\u00e7\u00e3o, zona rural de Sum\u00e9, recebeu de forma calorosa a terceira plen\u00e1ria do ODM. Os presentes, al\u00e9m de usarem a ferramenta para dizer quais as necessidades coletivas s\u00e3o mais urgentes na comunidade, eles aproveitaram o espa\u00e7o para agradecer ao prefeito \u00c9den por estar proporcionando aquele momento democr\u00e1tico.<br>\nEm cada plen\u00e1ria, o prefeito faz quest\u00e3o de enfatizar que o Or\u00e7amento Democr\u00e1tico \u00e9 um evento de gest\u00e3o, da Prefeitura de Sum\u00e9. Um canal que a popula\u00e7\u00e3o pode ficar \u00e0 vontade para dizer onde melhor podem ser aplicados os recursos p\u00fablicos do munic\u00edpio. <br>\nNa plen\u00e1ria do Alto Alegre, \u00c9den e o secret\u00e1rio da Educa\u00e7\u00e3o, Odilon Ara\u00fajo, fizeram a entrega de um notebook para a Escola Presidente Vargas. Na mesma audi\u00eancia foi entregue um aparelho de ar condicionado para a Escola Maria Leite Rafael. <br>\nEm 2019, a Prefeitura de Sum\u00e9 j\u00e1 investiu mais de R$ 40 mil em equipamentos de inform\u00e1tica para a rede municipal de ensino, como impressoras, computadores desktops, notebooks, projetores de multim\u00eddia e tela de proje\u00e7\u00e3o.<br>\nE assim aconteceu na comunidade da Concei\u00e7\u00e3o, onde o prefeito e o secret\u00e1rio Odilon tamb\u00e9m fizeram a entrega de uma impressora e equipamentos esportivos para a Escola Jo\u00e3o de Souza.<br>\nAl\u00e9m destes benef\u00edcios na \u00e1rea da Educa\u00e7\u00e3o, \u00c9den e a secret\u00e1ria de Assist\u00eancia Social, Tanniery L\u00eala, entregaram as obras de constru\u00e7\u00e3o de 10 banheiros domiciliares que beneficiar\u00e3o fam\u00edlias dos s\u00edtios Concei\u00e7\u00e3o e Malhada da Pedra. Um conv\u00eanio firmado entre a Funda\u00e7\u00e3o Nacional de Sa\u00fade e a Prefeitura de Sum\u00e9, na ordem de meio milh\u00e3o de reais. Deste montante, 115 mil reais foram destinados para a regi\u00e3o de Concei\u00e7\u00e3o.<br>\nEm todas as plen\u00e1rias, tamb\u00e9m est\u00e3o acontecendo a escolha dos conselheiros eleitos pela comunidade para representar o ODM junto \u00e0 gest\u00e3o municipal. <br>\nNo pr\u00f3ximo s\u00e1bado, 20 de julho, \u00e0s 15h, ocorrer\u00e1 a quarta plen\u00e1ria na sede da associa\u00e7\u00e3o do s\u00edtio Jurema. O ciclo de audi\u00eancias p\u00fablicas do Or\u00e7amento Democr\u00e1tico Municipal segue ouvindo a popula\u00e7\u00e3o, da zona urbana e da zona rural de Sum\u00e9 at\u00e9 o dia 14 de setembro quando acontece a plen\u00e1ria final no Gin\u00e1sio Municipal. <br>\nAscom<\/p>\n","protected":false},"excerpt":{"rendered":"<p>O prefeito de Sum\u00e9, \u00c9den Duarte, ao implantar o Or\u00e7amento Democr\u00e1tico Municipal (ODM) n\u00e3o tinha d\u00favidas de que essa ferramenta de gest\u00e3o seria um sucesso&hellip; <\/p>\n","protected":false},"author":1,"featured_media":105010,"comment_status":"closed","ping_status":"closed","sticky":false,"template":"","format":"standard","meta":{"sfsi_plus_gutenberg_text_before_share":"","sfsi_plus_gutenberg_show_text_before_share":"","sfsi_plus_gutenberg_icon_type":"","sfsi_plus_gutenberg_icon_alignemt":"","sfsi_plus_gutenburg_max_per_row":"","footnotes":""},"categories":[2],"tags":[],"class_list":["post-105008","post","type-post","status-publish","format-standard","has-post-thumbnail","hentry","category-geral"],"_links":{"self":[{"href":"https:\/\/www.caririemacao.com\/1\/wp-json\/wp\/v2\/posts\/105008","targetHints":{"allow":["GET"]}}],"collection":[{"href":"https:\/\/www.caririemacao.com\/1\/wp-json\/wp\/v2\/posts"}],"about":[{"href":"https:\/\/www.caririemacao.com\/1\/wp-json\/wp\/v2\/types\/post"}],"author":[{"embeddable":true,"href":"https:\/\/www.caririemacao.com\/1\/wp-json\/wp\/v2\/users\/1"}],"replies":[{"embeddable":true,"href":"https:\/\/www.caririemacao.com\/1\/wp-json\/wp\/v2\/comments?post=105008"}],"version-history":[{"count":1,"href":"https:\/\/www.caririemacao.com\/1\/wp-json\/wp\/v2\/posts\/105008\/revisions"}],"predecessor-version":[{"id":105011,"href":"https:\/\/www.caririemacao.com\/1\/wp-json\/wp\/v2\/posts\/105008\/revisions\/105011"}],"wp:featuredmedia":[{"embeddable":true,"href":"https:\/\/www.caririemacao.com\/1\/wp-json\/wp\/v2\/media\/105010"}],"wp:attachment":[{"href":"https:\/\/www.caririemacao.com\/1\/wp-json\/wp\/v2\/media?parent=105008"}],"wp:term":[{"taxonomy":"category","embeddable":true,"href":"https:\/\/www.caririemacao.com\/1\/wp-json\/wp\/v2\/categories?post=105008"},{"taxonomy":"post_tag","embeddable":true,"href":"https:\/\/www.caririemacao.com\/1\/wp-json\/wp\/v2\/tags?post=105008"}],"curies":[{"name":"wp","href":"https:\/\/api.w.org\/{rel}","templated":true}]}}