{"id":105014,"date":"2019-07-16T14:05:04","date_gmt":"2019-07-16T17:05:04","guid":{"rendered":"http:\/\/www.caririemacao.com\/1\/?p=105014"},"modified":"2019-07-16T14:05:04","modified_gmt":"2019-07-16T17:05:04","slug":"morre-ex-prefeito-de-cabedelo-ze-regis","status":"publish","type":"post","link":"https:\/\/www.caririemacao.com\/1\/2019\/07\/16\/morre-ex-prefeito-de-cabedelo-ze-regis\/","title":{"rendered":"Morre ex-prefeito de Cabedelo, Z\u00e9 R\u00e9gis"},"content":{"rendered":"\n<p>Morreu o ex-prefeito de Cabedelo, Z\u00e9 R\u00e9gis, nesta ter\u00e7a-feira (16). Ele teve um infarto na sala de cirurgia, segundo confirma\u00e7\u00e3o da fam\u00edlia ao ClickPB.<\/p>\n\n\n\n<p>Ele estava em procedimento cir\u00fargico no Hospital Memorial S\u00e3o Francisco, em Jo\u00e3o Pessoa.<\/p>\n\n\n\n<p>As informa\u00e7\u00f5es sobre vel\u00f3rio e sepultamento ainda n\u00e3o foram divulgadas, at\u00e9 a tarde desta ter\u00e7a-feira.<\/p>\n","protected":false},"excerpt":{"rendered":"<p>Morreu o ex-prefeito de Cabedelo, Z\u00e9 R\u00e9gis, nesta ter\u00e7a-feira (16). Ele teve um infarto na sala de cirurgia, segundo confirma\u00e7\u00e3o da fam\u00edlia ao ClickPB. Ele&hellip; <\/p>\n","protected":false},"author":1,"featured_media":105015,"comment_status":"closed","ping_status":"closed","sticky":false,"template":"","format":"standard","meta":{"sfsi_plus_gutenberg_text_before_share":"","sfsi_plus_gutenberg_show_text_before_share":"","sfsi_plus_gutenberg_icon_type":"","sfsi_plus_gutenberg_icon_alignemt":"","sfsi_plus_gutenburg_max_per_row":"","footnotes":""},"categories":[6],"tags":[],"class_list":["post-105014","post","type-post","status-publish","format-standard","has-post-thumbnail","hentry","category-cidades"],"_links":{"self":[{"href":"https:\/\/www.caririemacao.com\/1\/wp-json\/wp\/v2\/posts\/105014","targetHints":{"allow":["GET"]}}],"collection":[{"href":"https:\/\/www.caririemacao.com\/1\/wp-json\/wp\/v2\/posts"}],"about":[{"href":"https:\/\/www.caririemacao.com\/1\/wp-json\/wp\/v2\/types\/post"}],"author":[{"embeddable":true,"href":"https:\/\/www.caririemacao.com\/1\/wp-json\/wp\/v2\/users\/1"}],"replies":[{"embeddable":true,"href":"https:\/\/www.caririemacao.com\/1\/wp-json\/wp\/v2\/comments?post=105014"}],"version-history":[{"count":1,"href":"https:\/\/www.caririemacao.com\/1\/wp-json\/wp\/v2\/posts\/105014\/revisions"}],"predecessor-version":[{"id":105016,"href":"https:\/\/www.caririemacao.com\/1\/wp-json\/wp\/v2\/posts\/105014\/revisions\/105016"}],"wp:featuredmedia":[{"embeddable":true,"href":"https:\/\/www.caririemacao.com\/1\/wp-json\/wp\/v2\/media\/105015"}],"wp:attachment":[{"href":"https:\/\/www.caririemacao.com\/1\/wp-json\/wp\/v2\/media?parent=105014"}],"wp:term":[{"taxonomy":"category","embeddable":true,"href":"https:\/\/www.caririemacao.com\/1\/wp-json\/wp\/v2\/categories?post=105014"},{"taxonomy":"post_tag","embeddable":true,"href":"https:\/\/www.caririemacao.com\/1\/wp-json\/wp\/v2\/tags?post=105014"}],"curies":[{"name":"wp","href":"https:\/\/api.w.org\/{rel}","templated":true}]}}