{"id":105036,"date":"2019-07-16T14:20:28","date_gmt":"2019-07-16T17:20:28","guid":{"rendered":"http:\/\/www.caririemacao.com\/1\/?p=105036"},"modified":"2019-07-16T14:20:28","modified_gmt":"2019-07-16T17:20:28","slug":"eu-nao-existo-mais-estou-acabado-diz-ex-noivo-de-blogueira-que-morreu-no-rio-de-janeiro","status":"publish","type":"post","link":"https:\/\/www.caririemacao.com\/1\/2019\/07\/16\/eu-nao-existo-mais-estou-acabado-diz-ex-noivo-de-blogueira-que-morreu-no-rio-de-janeiro\/","title":{"rendered":"&#8220;Eu n\u00e3o existo mais, estou acabado&#8221;, diz ex-noivo de blogueira que morreu no Rio de Janeiro"},"content":{"rendered":"\n<p>Orlando Costa Junior, ex-noivo da blogueira Alinne Ara\u00fajo, disse, nesta ter\u00e7a-feira (16), em uma rede social, que est\u00e1 \u201cacabado\u201d ap\u00f3s saber do suic\u00eddio da jovem na segunda-feira (15). Os dois iam se casar no domingo (14), mas segundo uma postagem de Alinne em sua p\u00e1gina na internet, o noivo terminou o relacionamento um dia antes da cerim\u00f4nia.<\/p>\n\n\n\n<figure class=\"wp-block-image\"><img decoding=\"async\" data-src=\"https:\/\/www.clickpb.com.br\/media\/filer_public\/28\/dc\/28dc0058-3fb7-4fcb-beb0-37b2403b5d6b\/blogueira.png\" alt=\"\" src=\"data:image\/svg+xml;base64,PHN2ZyB3aWR0aD0iMSIgaGVpZ2h0PSIxIiB4bWxucz0iaHR0cDovL3d3dy53My5vcmcvMjAwMC9zdmciPjwvc3ZnPg==\" class=\"lazyload\" \/><\/figure>\n\n\n\n<p>\u201cFui pega de surpresa, quis morrer, ele sempre soube da minha condi\u00e7\u00e3o e n\u00e3o se importou em como eu estaria. Eu recebi a not\u00edcia estava dirigindo, tive uma crise no volante, larguei meu carro e me atirei numa via expressa, mas papai do c\u00e9u \u00e9 bom e me salvou mais uma vez\u201d, escreveu ao anunciar que manteria a celebra\u00e7\u00e3o e casaria consigo mesma.<\/p>\n\n\n\n<p>Ap\u00f3s a morte da jovem, o perfil de Orlando foi atacado nas redes sociais e muitas pessoas o culparam pelo ocorrido. Ele excluiu a p\u00e1gina antiga e criou uma nova, onde publicou uma foto com Alinne dizendo que se pronunciaria em uma live e disse estar de luto.<\/p>\n\n\n\n<figure class=\"wp-block-image\"><img decoding=\"async\" data-src=\"https:\/\/www.clickpb.com.br\/media\/filer_public\/d2\/e2\/d2e21b76-3873-4b8a-bf88-9d07c5825440\/orlando_2.png\" alt=\"\" src=\"data:image\/svg+xml;base64,PHN2ZyB3aWR0aD0iMSIgaGVpZ2h0PSIxIiB4bWxucz0iaHR0cDovL3d3dy53My5vcmcvMjAwMC9zdmciPjwvc3ZnPg==\" class=\"lazyload\" \/><\/figure>\n\n\n\n<p>J\u00e1 na manh\u00e3 de hoje, ele publicou uma selfie e disse na legenda que est\u00e1 &#8220;tentando escrever. Assim que eu tiver for\u00e7as, eu explico melhor, s\u00f3 posso adiantar que eu n\u00e3o existo mais, estou acabado&#8221;.<br><\/p>\n","protected":false},"excerpt":{"rendered":"<p>Orlando Costa Junior, ex-noivo da blogueira Alinne Ara\u00fajo, disse, nesta ter\u00e7a-feira (16), em uma rede social, que est\u00e1 \u201cacabado\u201d ap\u00f3s saber do suic\u00eddio da jovem&hellip; <\/p>\n","protected":false},"author":1,"featured_media":105037,"comment_status":"closed","ping_status":"closed","sticky":false,"template":"","format":"standard","meta":{"sfsi_plus_gutenberg_text_before_share":"","sfsi_plus_gutenberg_show_text_before_share":"","sfsi_plus_gutenberg_icon_type":"","sfsi_plus_gutenberg_icon_alignemt":"","sfsi_plus_gutenburg_max_per_row":"","footnotes":""},"categories":[2],"tags":[],"class_list":["post-105036","post","type-post","status-publish","format-standard","has-post-thumbnail","hentry","category-geral"],"_links":{"self":[{"href":"https:\/\/www.caririemacao.com\/1\/wp-json\/wp\/v2\/posts\/105036","targetHints":{"allow":["GET"]}}],"collection":[{"href":"https:\/\/www.caririemacao.com\/1\/wp-json\/wp\/v2\/posts"}],"about":[{"href":"https:\/\/www.caririemacao.com\/1\/wp-json\/wp\/v2\/types\/post"}],"author":[{"embeddable":true,"href":"https:\/\/www.caririemacao.com\/1\/wp-json\/wp\/v2\/users\/1"}],"replies":[{"embeddable":true,"href":"https:\/\/www.caririemacao.com\/1\/wp-json\/wp\/v2\/comments?post=105036"}],"version-history":[{"count":1,"href":"https:\/\/www.caririemacao.com\/1\/wp-json\/wp\/v2\/posts\/105036\/revisions"}],"predecessor-version":[{"id":105038,"href":"https:\/\/www.caririemacao.com\/1\/wp-json\/wp\/v2\/posts\/105036\/revisions\/105038"}],"wp:featuredmedia":[{"embeddable":true,"href":"https:\/\/www.caririemacao.com\/1\/wp-json\/wp\/v2\/media\/105037"}],"wp:attachment":[{"href":"https:\/\/www.caririemacao.com\/1\/wp-json\/wp\/v2\/media?parent=105036"}],"wp:term":[{"taxonomy":"category","embeddable":true,"href":"https:\/\/www.caririemacao.com\/1\/wp-json\/wp\/v2\/categories?post=105036"},{"taxonomy":"post_tag","embeddable":true,"href":"https:\/\/www.caririemacao.com\/1\/wp-json\/wp\/v2\/tags?post=105036"}],"curies":[{"name":"wp","href":"https:\/\/api.w.org\/{rel}","templated":true}]}}