{"id":105051,"date":"2019-07-16T14:34:14","date_gmt":"2019-07-16T17:34:14","guid":{"rendered":"http:\/\/www.caririemacao.com\/1\/?p=105051"},"modified":"2019-07-16T14:34:14","modified_gmt":"2019-07-16T17:34:14","slug":"delator-diz-que-foi-quase-que-coagido-a-construir-relato-sobre-sitio-usado-por-lula","status":"publish","type":"post","link":"https:\/\/www.caririemacao.com\/1\/2019\/07\/16\/delator-diz-que-foi-quase-que-coagido-a-construir-relato-sobre-sitio-usado-por-lula\/","title":{"rendered":"Delator diz que foi &#8216;quase que coagido&#8217; a &#8216;construir relato&#8217; sobre s\u00edtio usado por Lula"},"content":{"rendered":"\n<p>&nbsp;ex-diretor-superintendente da Odebrecht Carlos Armando Paschoal disse \u00e0 Justi\u00e7a de S\u00e3o Paulo que foi &#8220;quase que coagido a fazer um relato sobre o que tinha ocorrido&#8221; e que teve que &#8220;construir um relato&#8221; no caso do s\u00edtio de Atibaia (SP).<\/p>\n\n\n\n<p>O processo, proposto pela Opera\u00e7\u00e3o Lava Jato, rendeu a segunda condena\u00e7\u00e3o ao ex-presidente Luiz In\u00e1cio Lula da Silva (PT). O ex-diretor, que tamb\u00e9m foi condenado no mesmo processo, ainda fez uma cr\u00edtica aos procuradores da for\u00e7a-tarefa.&nbsp;<\/p>\n\n\n\n<p>Paschoal prestou depoimento no TJ-SP (Tribunal de Justi\u00e7a de S\u00e3o Paulo) no \u00faltimo dia 3 de julho como testemunha em um processo sobre improbidade administrativa contra o ex-secret\u00e1rio-executivo do Minist\u00e9rio de Ci\u00eancia, Tecnologia, Inova\u00e7\u00e3o e Comunica\u00e7\u00f5es do governo Michel Temer (MDB), Elton Santa F\u00e9 Zacarias. O caso n\u00e3o tem rela\u00e7\u00e3o direta com os processos contra Lula.<\/p>\n\n\n\n<p>Durante a audi\u00eancia, o ex-diretor da Odebrecht, que \u00e9 delator, foi questionado sobre o acordo de dela\u00e7\u00e3o firmado com o MPF (Minist\u00e9rio P\u00fablico Federal).<\/p>\n\n\n\n<p>O advogado Igor Tamasauskas perguntou por que delatores precisam falar sobre atos praticados por outras pessoas. &#8220;Porque, numa colabora\u00e7\u00e3o, voc\u00ea confessa atos pr\u00f3prios, crimes pr\u00f3prios, ou improbidades pr\u00f3prias&#8221;, disse o defensor em sua pergunta.<\/p>\n\n\n\n<p>&#8220;Sem nenhuma ironia. Desculpa, doutor. Precisava perguntar isso para os procuradores l\u00e1 da Lava Jato&#8221;, respondeu Paschoal.<\/p>\n\n\n\n<p>&#8220;No caso do s\u00edtio, que eu n\u00e3o tenho absolutamente nada, por exemplo, fui quase que coagido a fazer um relato sobre o que tinha ocorrido. E eu, na verdade, l\u00e1 no caso, identifiquei o dinheiro para fazer a obra do s\u00edtio. Tive que construir um relato&#8221;, afirmou o ex-diretor da Odebrecht.<\/p>\n\n\n\n<p>Ao explicar o que seria &#8220;construir um relato&#8221;, Paschoal disse que seria apontar algo como &#8220;olha, aconteceu isso, isso, isso e isso; e eu indiquei o engenheiro para fazer as obras&#8221;.&nbsp;<\/p>\n\n\n\n<p>Paschoal n\u00e3o explicou exatamente como teria sido a coa\u00e7\u00e3o do Minist\u00e9rio P\u00fablico nem deu mais detalhes sobre o que teria sido &#8220;constru\u00eddo&#8221; em seu depoimento.<\/p>\n\n\n\n<p>O UOL buscou contato com a defesa do ex-diretor ao longo da tarde de segunda (15) para perguntar sobre o testemunho de seu cliente. A reportagem ligou para o escrit\u00f3rio da advogada de Paschoal, Marcela Diorio, e uma mulher que se identificou como secret\u00e1ria disse que ela retornaria a liga\u00e7\u00e3o. At\u00e9 a publica\u00e7\u00e3o deste texto, n\u00e3o houve retorno.<\/p>\n\n\n\n<p>A reportagem tamb\u00e9m enviou o trecho da fala do ex-diretor da Odebrecht \u00e0 for\u00e7a-tarefa da Lava Jato. Em nota, os procuradores disseram que &#8220;a voluntariedade na celebra\u00e7\u00e3o do acordo foi aferida na sua homologa\u00e7\u00e3o perante o Supremo Tribunal Federal&#8221;.<\/p>\n\n\n\n<p>&#8220;Al\u00e9m disso, conforme pode ser verificado na a\u00e7\u00e3o penal 5021365-32.2017.404.7000 [do s\u00edtio], Carlos Paschoal foi ouvido durante a investiga\u00e7\u00e3o e perante o ju\u00edzo da 13\u00aa Vara Federal de Curitiba, oportunidades em que reiterou a sua livre vontade em firmar acordo de colabora\u00e7\u00e3o. Na senten\u00e7a deste caso, reconhecendo a higidez de seu acordo e amparado em s\u00f3lido conjunto probat\u00f3rio, Paschoal foi condenado, tendo suas penas adequadas ao estabelecido em seu acordo&#8221;, completa a nota.<\/p>\n\n\n\n<p><strong>Ajuda na Reforma<\/strong><\/p>\n\n\n\n<p>No depoimento \u00e0 Justi\u00e7a Federal no Paran\u00e1, em novembro de 2018, dentro do processo do s\u00edtio, Paschoal disse que recebeu um pedido da c\u00fapula da Odebrecht para &#8220;ajuda na reforma de uma casa em Atibaia, que seria, segundo ele me relatou, oportunamente utilizada pelo ent\u00e3o presidente [Lula]&#8221;.<br><\/p>\n\n\n\n<p>\u00c0 \u00e9poca, o ex-diretor disse \u00e0 ju\u00edza Gabriela Hardt, ent\u00e3o substituta de Sergio Moro, que o envolvimento da Odebrecht nas obras n\u00e3o podia ser revelado. Paschoal disse ter sido procurado por Alexandrino Alencar, executivo que era do alto escal\u00e3o da Odebrecht, para dar &#8220;apoio&#8221; \u00e0 reforma.<\/p>\n\n\n\n<p>Segundo Paschoal, Alencar n\u00e3o explicou por que motivo a Odebrecht faria a obra, e ele tamb\u00e9m n\u00e3o perguntou. &#8220;Esse tipo de pedido que vem muito de cima, n\u00e3o d\u00e1 para questionar&#8221;, disse o ex-diretor.<\/p>\n\n\n\n<p>Em seu acordo de dela\u00e7\u00e3o, Paschoal fez relatos sobre pagamentos da Odebrecht a pol\u00edticos. No processo do s\u00edtio, Paschoal foi condenado a 2 anos de pris\u00e3o, em regime aberto, por lavagem de dinheiro. Ele recorreu da senten\u00e7a ao TRF-4 (Tribunal Regional Federal da 4\u00aa Regi\u00e3o), que ainda ir\u00e1 analisar o caso.<\/p>\n","protected":false},"excerpt":{"rendered":"<p>&nbsp;ex-diretor-superintendente da Odebrecht Carlos Armando Paschoal disse \u00e0 Justi\u00e7a de S\u00e3o Paulo que foi &#8220;quase que coagido a fazer um relato sobre o que tinha&hellip; <\/p>\n","protected":false},"author":1,"featured_media":105052,"comment_status":"closed","ping_status":"closed","sticky":false,"template":"","format":"standard","meta":{"sfsi_plus_gutenberg_text_before_share":"","sfsi_plus_gutenberg_show_text_before_share":"","sfsi_plus_gutenberg_icon_type":"","sfsi_plus_gutenberg_icon_alignemt":"","sfsi_plus_gutenburg_max_per_row":"","footnotes":""},"categories":[11],"tags":[],"class_list":["post-105051","post","type-post","status-publish","format-standard","has-post-thumbnail","hentry","category-politica"],"_links":{"self":[{"href":"https:\/\/www.caririemacao.com\/1\/wp-json\/wp\/v2\/posts\/105051","targetHints":{"allow":["GET"]}}],"collection":[{"href":"https:\/\/www.caririemacao.com\/1\/wp-json\/wp\/v2\/posts"}],"about":[{"href":"https:\/\/www.caririemacao.com\/1\/wp-json\/wp\/v2\/types\/post"}],"author":[{"embeddable":true,"href":"https:\/\/www.caririemacao.com\/1\/wp-json\/wp\/v2\/users\/1"}],"replies":[{"embeddable":true,"href":"https:\/\/www.caririemacao.com\/1\/wp-json\/wp\/v2\/comments?post=105051"}],"version-history":[{"count":1,"href":"https:\/\/www.caririemacao.com\/1\/wp-json\/wp\/v2\/posts\/105051\/revisions"}],"predecessor-version":[{"id":105053,"href":"https:\/\/www.caririemacao.com\/1\/wp-json\/wp\/v2\/posts\/105051\/revisions\/105053"}],"wp:featuredmedia":[{"embeddable":true,"href":"https:\/\/www.caririemacao.com\/1\/wp-json\/wp\/v2\/media\/105052"}],"wp:attachment":[{"href":"https:\/\/www.caririemacao.com\/1\/wp-json\/wp\/v2\/media?parent=105051"}],"wp:term":[{"taxonomy":"category","embeddable":true,"href":"https:\/\/www.caririemacao.com\/1\/wp-json\/wp\/v2\/categories?post=105051"},{"taxonomy":"post_tag","embeddable":true,"href":"https:\/\/www.caririemacao.com\/1\/wp-json\/wp\/v2\/tags?post=105051"}],"curies":[{"name":"wp","href":"https:\/\/api.w.org\/{rel}","templated":true}]}}