{"id":105069,"date":"2019-07-16T15:28:02","date_gmt":"2019-07-16T18:28:02","guid":{"rendered":"http:\/\/www.caririemacao.com\/1\/?p=105069"},"modified":"2019-07-16T15:28:02","modified_gmt":"2019-07-16T18:28:02","slug":"turismo-do-brasil-no-exterior-ganha-nova-marca","status":"publish","type":"post","link":"https:\/\/www.caririemacao.com\/1\/2019\/07\/16\/turismo-do-brasil-no-exterior-ganha-nova-marca\/","title":{"rendered":"Turismo do Brasil no exterior ganha nova marca"},"content":{"rendered":"\n<p>O Instituto Brasileiro de Turismo (Embratur) desenvolveu&nbsp;uma nova marca para promover o turismo do Brasil no exterior. Ela vir\u00e1 acompanhada do sloganVisit and love us (Visite e encante-se), ou seja, um convite aos visitantes se encantarem com o Brasil, conhecendo&nbsp; apreciando tudo de melhor que o pa\u00eds pode oferecer.<\/p>\n\n\n\n<p>De acordo com a Embratur, a nova marca \u00e9 inspirada na Bandeira Nacional, s\u00edmbolo do pa\u00eds reconhecido em todo o mundo. \u201c\u00c9 o maior s\u00edmbolo nacional. Nossa natureza, nossos esportistas, a m\u00fasica, a comida, todos estes pontos da cultura nacional levaram nossa bandeira l\u00e1 fora, com muita maestria, e n\u00f3s, como governo, devemos fazer jus a esse pa\u00eds t\u00e3o rico\u201d, disse o presidente da Embratur, Gilson Machado Neto.<\/p>\n\n\n\n<figure class=\"wp-block-image\"><img decoding=\"async\" data-src=\"http:\/\/imagens.ebc.com.br\/tLC6NBZ7MwbYBS29ug0bNFRO3rk=\/754x0\/smart\/http:\/\/agenciabrasil.ebc.com.br\/sites\/default\/files\/thumbnails\/image\/nova_marca_-_embratur.jpg?itok=7LZMqT13\" alt=\"A nova marca \u00e9 inspirada na Bandeira Nacional\" src=\"data:image\/svg+xml;base64,PHN2ZyB3aWR0aD0iMSIgaGVpZ2h0PSIxIiB4bWxucz0iaHR0cDovL3d3dy53My5vcmcvMjAwMC9zdmciPjwvc3ZnPg==\" class=\"lazyload\" \/><\/figure>\n\n\n\n<p>A nova marca foi desenvolvida pelos pr\u00f3prios servidores da Embratur. Gilson Machado Neto, presidente da Embratur, e Osvaldo Matos de Melo J\u00fanior (direita), diretor de Marketing &#8211;&nbsp;<strong>Pablo Peixoto\/Embratur<\/strong><\/p>\n\n\n\n<p>\u201cNos inspiramos tamb\u00e9m na rosa dos ventos, em um Brasil que em todas suas dire\u00e7\u00f5es \u00e9 lindo e cheio de vida, natureza, cultura e encantamento\u201d, acrescentou. \u201cEsta nova marca chancela isto e a import\u00e2ncia do governo federal d\u00e1 ao setor do turismo, fortalecendo a imagem do Brasil e sua bandeira em todo o mundo\u201d, frisa o presidente Embratur.<\/p>\n\n\n\n<p>Outra mudan\u00e7a na marca \u00e9 uso da letra \u201cz\u201d, na grafia do nome do pa\u00eds em ingl\u00eas, no lugar do \u201cs\u201d na grafia em portugu\u00eas. Segundo a Embratur, a troca de letra objetiva fortalecer o marketing digital da marca \u201cBrazil\u201d, facilitando as buscas na internet realizadas pelos estrangeiros.<\/p>\n\n\n\n<p>A nova marca foi desenvolvida pelos pr\u00f3prios servidores da Embratur, trazendo economia e agilidade no desenvolvimento do projeto. O Instituto pretende ainda fazer um lan\u00e7amento oficial, com a participa\u00e7\u00e3o do Presidente da Rep\u00fablica, Jair Bolsonaro.<\/p>\n","protected":false},"excerpt":{"rendered":"<p>O Instituto Brasileiro de Turismo (Embratur) desenvolveu&nbsp;uma nova marca para promover o turismo do Brasil no exterior. Ela vir\u00e1 acompanhada do sloganVisit and love us&hellip; <\/p>\n","protected":false},"author":1,"featured_media":24053,"comment_status":"closed","ping_status":"closed","sticky":false,"template":"","format":"standard","meta":{"sfsi_plus_gutenberg_text_before_share":"","sfsi_plus_gutenberg_show_text_before_share":"","sfsi_plus_gutenberg_icon_type":"","sfsi_plus_gutenberg_icon_alignemt":"","sfsi_plus_gutenburg_max_per_row":"","footnotes":""},"categories":[2],"tags":[],"class_list":["post-105069","post","type-post","status-publish","format-standard","has-post-thumbnail","hentry","category-geral"],"_links":{"self":[{"href":"https:\/\/www.caririemacao.com\/1\/wp-json\/wp\/v2\/posts\/105069","targetHints":{"allow":["GET"]}}],"collection":[{"href":"https:\/\/www.caririemacao.com\/1\/wp-json\/wp\/v2\/posts"}],"about":[{"href":"https:\/\/www.caririemacao.com\/1\/wp-json\/wp\/v2\/types\/post"}],"author":[{"embeddable":true,"href":"https:\/\/www.caririemacao.com\/1\/wp-json\/wp\/v2\/users\/1"}],"replies":[{"embeddable":true,"href":"https:\/\/www.caririemacao.com\/1\/wp-json\/wp\/v2\/comments?post=105069"}],"version-history":[{"count":1,"href":"https:\/\/www.caririemacao.com\/1\/wp-json\/wp\/v2\/posts\/105069\/revisions"}],"predecessor-version":[{"id":105070,"href":"https:\/\/www.caririemacao.com\/1\/wp-json\/wp\/v2\/posts\/105069\/revisions\/105070"}],"wp:featuredmedia":[{"embeddable":true,"href":"https:\/\/www.caririemacao.com\/1\/wp-json\/wp\/v2\/media\/24053"}],"wp:attachment":[{"href":"https:\/\/www.caririemacao.com\/1\/wp-json\/wp\/v2\/media?parent=105069"}],"wp:term":[{"taxonomy":"category","embeddable":true,"href":"https:\/\/www.caririemacao.com\/1\/wp-json\/wp\/v2\/categories?post=105069"},{"taxonomy":"post_tag","embeddable":true,"href":"https:\/\/www.caririemacao.com\/1\/wp-json\/wp\/v2\/tags?post=105069"}],"curies":[{"name":"wp","href":"https:\/\/api.w.org\/{rel}","templated":true}]}}