{"id":105082,"date":"2019-07-16T15:38:34","date_gmt":"2019-07-16T18:38:34","guid":{"rendered":"http:\/\/www.caririemacao.com\/1\/?p=105082"},"modified":"2019-07-16T15:38:34","modified_gmt":"2019-07-16T18:38:34","slug":"tudo-o-que-voce-faz-corre-o-risco-de-dar-certo-ou-dar-errado-diz-bolsonaro-sobre-eduardo","status":"publish","type":"post","link":"https:\/\/www.caririemacao.com\/1\/2019\/07\/16\/tudo-o-que-voce-faz-corre-o-risco-de-dar-certo-ou-dar-errado-diz-bolsonaro-sobre-eduardo\/","title":{"rendered":"&#8216;Tudo o que voc\u00ea faz corre o risco de dar certo ou dar errado&#8217;, diz Bolsonaro sobre Eduardo"},"content":{"rendered":"\n<p>&nbsp;O presidente Jair Bolsonaro reconheceu nesta ter\u00e7a-feira (16) que a indica\u00e7\u00e3o de seu filho, o deputado federal Eduardo Bolsonaro (PSL-SP), para o cargo de embaixador nos Estados Unidos corre o risco de n\u00e3o ser chancelada pelo Poder Legislativo.<\/p>\n\n\n\n<p>Na sa\u00edda de reuni\u00e3o ministerial, no Pal\u00e1cio da Alvorada, ele ressaltou, no entanto, que a formaliza\u00e7\u00e3o da indica\u00e7\u00e3o j\u00e1 est\u00e1 definida e que, agora, depende apenas de tr\u00e2mites diplom\u00e1ticos e tratativas com o Poder Legislativo.&nbsp;<\/p>\n\n\n\n<p>&#8220;\u00c9 logico que corre o risco. Tudo que voc\u00ea faz corre o risco de dar certo ou dar errado. N\u00f3s estamos tentando acertar&#8221;, disse. &#8220;Se a decis\u00e3o for essa, o Senado vai sabatin\u00e1-lo e vai decidir. E ponto final. Se n\u00e3o for aprovado, ele fica na C\u00e2mara&#8221;, ressaltou.<\/p>\n\n\n\n<p>Em entrevista \u00e0 imprensa, Bolsonaro disse que falou rapidamente sobre o assunto, na segunda-feira (15), com o presidente do Senado, Davi Alcolumbre (DEM-AP), a quem chamou de &#8220;amigo&#8221; e &#8220;colega de pelada&#8221;.<\/p>\n\n\n\n<p>Segundo ele, ainda n\u00e3o \u00e9 poss\u00edvel dizer se a aceita\u00e7\u00e3o a Eduardo foi positiva ou negativa na Casa, uma vez que Davi ainda n\u00e3o tratou do assunto com os demais senadores. Na segunda-feira, no entanto, a presidente da CCJ (Comiss\u00e3o de Constitui\u00e7\u00e3o e Justi\u00e7a), Simone Tebet (MDB-MS), disse foi o &#8220;maior erro&#8221; do presidente.<\/p>\n\n\n\n<p>&#8220;Da minha parte, est\u00e1 definida [a formaliza\u00e7\u00e3o]. Conversei com ele [Eduardo] novamente antes de ontem. H\u00e1 interesse. Acho que se tiverem argumentos contr\u00e1rios, que n\u00e3o sejam chulos, eu estou pronto, porque n\u00e3o \u00e9 nepotismo&#8221;, disse.<\/p>\n\n\n\n<p>O presidente voltou a dizer que seu filho \u00e9 qualificado para o posto diplom\u00e1tico e que ele n\u00e3o pode ser criticado por ter fritado hamb\u00farguer nos Estados Unidos, argumentado utilizado pelo pr\u00f3prio deputado federal ao ter comentado a indica\u00e7\u00e3o.<\/p>\n\n\n\n<p>&#8220;Sabe por que ele foi fritar hamb\u00farguer l\u00e1? Porque eu, como deputado, n\u00e3o tinha como banc\u00e1-lo seis meses sem ele trabalhar. Foi aprender o ingl\u00eas&#8221;, disse. &#8220;Eu frito hamb\u00farguer acho que melhor que ele. Talvez por isso eu seja presidente&#8221;, acrescentou.<\/p>\n\n\n\n<p>Para Bolsonaro, Eduardo perder\u00e1 muito mais indo aos Estados Unidos do que ficando no Brasil, uma vez que ter\u00e1 de deixar o mandato parlamentar. Segundo ele, a inten\u00e7\u00e3o em indic\u00e1-lo \u00e9 para justamente aproximar o governo brasileiro da gest\u00e3o do presidente Donald Trump.<\/p>\n\n\n\n<p>&#8220;\u00c9 diferente o tratamento quando voc\u00ea d\u00e1 um filho para representar voc\u00ea em outra na\u00e7\u00e3o. Alguns falam que \u00e9 para se dar bem. Se eu fosse um mau-car\u00e1ter, estaria indicando ele para um minist\u00e9rio desses com bilh\u00f5es no or\u00e7amento&#8221;, disse.<\/p>\n\n\n\n<p>Ele questionou ainda se os cr\u00edticos \u00e0 indica\u00e7\u00e3o queriam que ele nomeasse seu filho a uma representa\u00e7\u00e3o diplom\u00e1tica na Venezuela ou em Cuba.<\/p>\n\n\n\n<p>&#8220;Algu\u00e9m quer eu que indique o meu filho para ser embaixador na Venezuela? Ou em Cuba? Ou na Coreia do Norte?&#8221;, perguntou.<\/p>\n\n\n\n<p>Mais tarde, em cerim\u00f4nia no Pal\u00e1cio do Planalto, o presidente voltou a tratar sobre a indica\u00e7\u00e3o de Eduardo. Para ele, o senador Fl\u00e1vio Bolsonaro (PSL-RJ) tamb\u00e9m tem seus &#8220;problemas potencializados&#8221; por ser filho dele.<\/p>\n\n\n\n<p>&#8220;N\u00f3s teremos, se Deus quiser, um embaixador na pot\u00eancia mais importante do mundo&#8221;, disse.<\/p>\n","protected":false},"excerpt":{"rendered":"<p>&nbsp;O presidente Jair Bolsonaro reconheceu nesta ter\u00e7a-feira (16) que a indica\u00e7\u00e3o de seu filho, o deputado federal Eduardo Bolsonaro (PSL-SP), para o cargo de embaixador&hellip; <\/p>\n","protected":false},"author":1,"featured_media":105083,"comment_status":"closed","ping_status":"closed","sticky":false,"template":"","format":"standard","meta":{"sfsi_plus_gutenberg_text_before_share":"","sfsi_plus_gutenberg_show_text_before_share":"","sfsi_plus_gutenberg_icon_type":"","sfsi_plus_gutenberg_icon_alignemt":"","sfsi_plus_gutenburg_max_per_row":"","footnotes":""},"categories":[11],"tags":[],"class_list":["post-105082","post","type-post","status-publish","format-standard","has-post-thumbnail","hentry","category-politica"],"_links":{"self":[{"href":"https:\/\/www.caririemacao.com\/1\/wp-json\/wp\/v2\/posts\/105082","targetHints":{"allow":["GET"]}}],"collection":[{"href":"https:\/\/www.caririemacao.com\/1\/wp-json\/wp\/v2\/posts"}],"about":[{"href":"https:\/\/www.caririemacao.com\/1\/wp-json\/wp\/v2\/types\/post"}],"author":[{"embeddable":true,"href":"https:\/\/www.caririemacao.com\/1\/wp-json\/wp\/v2\/users\/1"}],"replies":[{"embeddable":true,"href":"https:\/\/www.caririemacao.com\/1\/wp-json\/wp\/v2\/comments?post=105082"}],"version-history":[{"count":1,"href":"https:\/\/www.caririemacao.com\/1\/wp-json\/wp\/v2\/posts\/105082\/revisions"}],"predecessor-version":[{"id":105084,"href":"https:\/\/www.caririemacao.com\/1\/wp-json\/wp\/v2\/posts\/105082\/revisions\/105084"}],"wp:featuredmedia":[{"embeddable":true,"href":"https:\/\/www.caririemacao.com\/1\/wp-json\/wp\/v2\/media\/105083"}],"wp:attachment":[{"href":"https:\/\/www.caririemacao.com\/1\/wp-json\/wp\/v2\/media?parent=105082"}],"wp:term":[{"taxonomy":"category","embeddable":true,"href":"https:\/\/www.caririemacao.com\/1\/wp-json\/wp\/v2\/categories?post=105082"},{"taxonomy":"post_tag","embeddable":true,"href":"https:\/\/www.caririemacao.com\/1\/wp-json\/wp\/v2\/tags?post=105082"}],"curies":[{"name":"wp","href":"https:\/\/api.w.org\/{rel}","templated":true}]}}