{"id":105088,"date":"2019-07-16T15:50:04","date_gmt":"2019-07-16T18:50:04","guid":{"rendered":"http:\/\/www.caririemacao.com\/1\/?p=105088"},"modified":"2019-07-16T15:50:04","modified_gmt":"2019-07-16T18:50:04","slug":"prefeitura-de-amparo-emite-nota-de-pesar-pelas-mortes-de-almir-maciel-de-moura-e-do-senhor-ze-paulino","status":"publish","type":"post","link":"https:\/\/www.caririemacao.com\/1\/2019\/07\/16\/prefeitura-de-amparo-emite-nota-de-pesar-pelas-mortes-de-almir-maciel-de-moura-e-do-senhor-ze-paulino\/","title":{"rendered":"Prefeitura de Amparo emite Nota de Pesar pelas mortes de Almir Maciel de Moura e do Senhor Z\u00e9 Paulino"},"content":{"rendered":"\n<p>Em nome do Munic\u00edpio de Amparo, o prefeito In\u00e1cio N\u00f3brega vem manifestar o mais profundo pesar pelas duas mortes ocorridas em nossa cidade, na madrugada faleceu Almir Maciel de Moura, filho de dona Diva e Seu Telmo e no come\u00e7o da manh\u00e3 faleceu o Senhor Jos\u00e9 Sebasti\u00e3o de Souza conhecido como Z\u00e9 Paulino, casado com a Agente de Sa\u00fade Edilene Batista.<br>Que as Fam\u00edlias Recebam as mais sinceras condol\u00eancias do povo Amparense, votos de que Deus, em sua infinita bondade, possa confortar seus cora\u00e7\u00f5es e encontre um lugar de conforto e luz para o acolhimento das almas dos nossos amigos que se foram.<br>Prefeito In\u00e1cio N\u00f3brega<\/p>\n","protected":false},"excerpt":{"rendered":"<p>Em nome do Munic\u00edpio de Amparo, o prefeito In\u00e1cio N\u00f3brega vem manifestar o mais profundo pesar pelas duas mortes ocorridas em nossa cidade, na madrugada&hellip; <\/p>\n","protected":false},"author":1,"featured_media":87263,"comment_status":"closed","ping_status":"closed","sticky":false,"template":"","format":"standard","meta":{"sfsi_plus_gutenberg_text_before_share":"","sfsi_plus_gutenberg_show_text_before_share":"","sfsi_plus_gutenberg_icon_type":"","sfsi_plus_gutenberg_icon_alignemt":"","sfsi_plus_gutenburg_max_per_row":"","footnotes":""},"categories":[2],"tags":[],"class_list":["post-105088","post","type-post","status-publish","format-standard","has-post-thumbnail","hentry","category-geral"],"_links":{"self":[{"href":"https:\/\/www.caririemacao.com\/1\/wp-json\/wp\/v2\/posts\/105088","targetHints":{"allow":["GET"]}}],"collection":[{"href":"https:\/\/www.caririemacao.com\/1\/wp-json\/wp\/v2\/posts"}],"about":[{"href":"https:\/\/www.caririemacao.com\/1\/wp-json\/wp\/v2\/types\/post"}],"author":[{"embeddable":true,"href":"https:\/\/www.caririemacao.com\/1\/wp-json\/wp\/v2\/users\/1"}],"replies":[{"embeddable":true,"href":"https:\/\/www.caririemacao.com\/1\/wp-json\/wp\/v2\/comments?post=105088"}],"version-history":[{"count":1,"href":"https:\/\/www.caririemacao.com\/1\/wp-json\/wp\/v2\/posts\/105088\/revisions"}],"predecessor-version":[{"id":105089,"href":"https:\/\/www.caririemacao.com\/1\/wp-json\/wp\/v2\/posts\/105088\/revisions\/105089"}],"wp:featuredmedia":[{"embeddable":true,"href":"https:\/\/www.caririemacao.com\/1\/wp-json\/wp\/v2\/media\/87263"}],"wp:attachment":[{"href":"https:\/\/www.caririemacao.com\/1\/wp-json\/wp\/v2\/media?parent=105088"}],"wp:term":[{"taxonomy":"category","embeddable":true,"href":"https:\/\/www.caririemacao.com\/1\/wp-json\/wp\/v2\/categories?post=105088"},{"taxonomy":"post_tag","embeddable":true,"href":"https:\/\/www.caririemacao.com\/1\/wp-json\/wp\/v2\/tags?post=105088"}],"curies":[{"name":"wp","href":"https:\/\/api.w.org\/{rel}","templated":true}]}}