{"id":105098,"date":"2019-07-16T18:28:32","date_gmt":"2019-07-16T21:28:32","guid":{"rendered":"http:\/\/www.caririemacao.com\/1\/?p=105098"},"modified":"2019-07-16T18:57:47","modified_gmt":"2019-07-16T21:57:47","slug":"professora-serrabranquense-e-selecionada-para-giro-mundo","status":"publish","type":"post","link":"https:\/\/www.caririemacao.com\/1\/2019\/07\/16\/professora-serrabranquense-e-selecionada-para-giro-mundo\/","title":{"rendered":"Professora serrabranquense \u00e9 selecionada para Gira Mundo"},"content":{"rendered":"\n<p>A professora da ECIT SERRA BRANCA, Gabriella Brito \u00e9 selecionada pra o Gira Mundo Israel. <\/p>\n\n\n\n<p>O Programa de Interc\u00e2mbio Internacional Gira Mundo \u00e9 um exemplo dos investimentos feitos pelo Governo do Estado na educa\u00e7\u00e3o.<\/p>\n\n\n\n<p>A iniciativa faz parte de uma parceria entre a Funda\u00e7\u00e3o de Apoio \u00e0 Pesquisa (Fapesq) e a Secretaria de Estado da Educa\u00e7\u00e3o da PB.<\/p>\n","protected":false},"excerpt":{"rendered":"<p>A professora da ECIT SERRA BRANCA, Gabriella Brito \u00e9 selecionada pra o Gira Mundo Israel. O Programa de Interc\u00e2mbio Internacional Gira Mundo \u00e9 um exemplo&hellip; <\/p>\n","protected":false},"author":2,"featured_media":105099,"comment_status":"closed","ping_status":"closed","sticky":false,"template":"","format":"standard","meta":{"sfsi_plus_gutenberg_text_before_share":"","sfsi_plus_gutenberg_show_text_before_share":"","sfsi_plus_gutenberg_icon_type":"","sfsi_plus_gutenberg_icon_alignemt":"","sfsi_plus_gutenburg_max_per_row":"","footnotes":""},"categories":[50,14],"tags":[],"class_list":["post-105098","post","type-post","status-publish","format-standard","has-post-thumbnail","hentry","category-destaque","category-educacao"],"_links":{"self":[{"href":"https:\/\/www.caririemacao.com\/1\/wp-json\/wp\/v2\/posts\/105098","targetHints":{"allow":["GET"]}}],"collection":[{"href":"https:\/\/www.caririemacao.com\/1\/wp-json\/wp\/v2\/posts"}],"about":[{"href":"https:\/\/www.caririemacao.com\/1\/wp-json\/wp\/v2\/types\/post"}],"author":[{"embeddable":true,"href":"https:\/\/www.caririemacao.com\/1\/wp-json\/wp\/v2\/users\/2"}],"replies":[{"embeddable":true,"href":"https:\/\/www.caririemacao.com\/1\/wp-json\/wp\/v2\/comments?post=105098"}],"version-history":[{"count":2,"href":"https:\/\/www.caririemacao.com\/1\/wp-json\/wp\/v2\/posts\/105098\/revisions"}],"predecessor-version":[{"id":105101,"href":"https:\/\/www.caririemacao.com\/1\/wp-json\/wp\/v2\/posts\/105098\/revisions\/105101"}],"wp:featuredmedia":[{"embeddable":true,"href":"https:\/\/www.caririemacao.com\/1\/wp-json\/wp\/v2\/media\/105099"}],"wp:attachment":[{"href":"https:\/\/www.caririemacao.com\/1\/wp-json\/wp\/v2\/media?parent=105098"}],"wp:term":[{"taxonomy":"category","embeddable":true,"href":"https:\/\/www.caririemacao.com\/1\/wp-json\/wp\/v2\/categories?post=105098"},{"taxonomy":"post_tag","embeddable":true,"href":"https:\/\/www.caririemacao.com\/1\/wp-json\/wp\/v2\/tags?post=105098"}],"curies":[{"name":"wp","href":"https:\/\/api.w.org\/{rel}","templated":true}]}}