{"id":105102,"date":"2019-07-16T19:03:28","date_gmt":"2019-07-16T22:03:28","guid":{"rendered":"http:\/\/www.caririemacao.com\/1\/?p=105102"},"modified":"2019-07-16T19:03:28","modified_gmt":"2019-07-16T22:03:28","slug":"sicoob-inaugura-agencia-em-boqueirao-saiba-mais","status":"publish","type":"post","link":"https:\/\/www.caririemacao.com\/1\/2019\/07\/16\/sicoob-inaugura-agencia-em-boqueirao-saiba-mais\/","title":{"rendered":"Sicoob inaugura ag\u00eancia em Boqueir\u00e3o; saiba mais"},"content":{"rendered":"\n<p>Foi inaugurada nesta ter\u00e7a-feira (16) a nova ag\u00eancia do Sistema de Cooperativas de Cr\u00e9dito do Brasil (Sicoob) na cidade de Boqueir\u00e3o, na Rua Epit\u00e1cio Pessoa. O evento foi prestigiado por autoridades e o p\u00fablico em geral, que comemorou a chegada de um novo servi\u00e7o banc\u00e1rio na cidade.<\/p>\n\n\n\n<p>O presidente do Conselho de Administra\u00e7\u00e3o, Paulo Cezar de Barros, deixou claro que o Sicoob trabalha com o mesmo sistema de qualquer institui\u00e7\u00e3o financeira, com abertura de conta pessoal f\u00edsica e jur\u00eddica, &nbsp;seguro, conta corrente, poupan\u00e7a, cart\u00e3o de cr\u00e9dito, aplica\u00e7\u00f5es, financiamento de ve\u00edculos e outros.<\/p>\n\n\n\n<figure class=\"wp-block-image\"><img decoding=\"async\" data-src=\"http:\/\/www.blogdobrunolira.com.br\/wp-includes\/images\/media\/audio.png\" alt=\"\" src=\"data:image\/svg+xml;base64,PHN2ZyB3aWR0aD0iMSIgaGVpZ2h0PSIxIiB4bWxucz0iaHR0cDovL3d3dy53My5vcmcvMjAwMC9zdmciPjwvc3ZnPg==\" class=\"lazyload\" \/><\/figure>\n\n\n\n<p>\u201c\u00c1udio de Paulo\u201dTocador de \u00e1udio00:0000:00<a href=\"http:\/\/www.blogdobrunolira.com.br\/wp-content\/uploads\/2019\/07\/%C3%81udio-de-Paulo.mp3\">1.&nbsp;\u201c\u00c1udio de Paulo\u201d<\/a>1:44<\/p>\n\n\n\n<p>O prefeito de Boqueir\u00e3o, Jo\u00e3o Paulo Segundo, esteve presente e falou da import\u00e2ncia da Sicoob na cidade: \u201cHoje \u00e9 momento importante para economia de Boqueir\u00e3o que vem sofrendo se o pleno funcionamento da ag\u00eancia do Banco do Brasil. Com a chegada da Sicoob tenho certeza que teremos op\u00e7\u00f5es e uma aten\u00e7\u00e3o especial\u201d, destacou Jo\u00e3o.<\/p>\n\n\n\n<figure class=\"wp-block-image\"><img decoding=\"async\" data-src=\"http:\/\/www.blogdobrunolira.com.br\/wp-includes\/images\/media\/audio.png\" alt=\"\" src=\"data:image\/svg+xml;base64,PHN2ZyB3aWR0aD0iMSIgaGVpZ2h0PSIxIiB4bWxucz0iaHR0cDovL3d3dy53My5vcmcvMjAwMC9zdmciPjwvc3ZnPg==\" class=\"lazyload\" \/><\/figure>\n\n\n\n<p>\u201c\u00c1udio Jo\u00e3o Paulo Segundo\u201dTocador de \u00e1udio00:0000:00<a href=\"http:\/\/www.blogdobrunolira.com.br\/wp-content\/uploads\/2019\/07\/%C3%81udio-Jo%C3%A3o-Paulo-Segundo.mp3\">1.&nbsp;\u201c\u00c1udio Jo\u00e3o Paulo Segundo\u201d<\/a>1:36<\/p>\n\n\n\n<p>Estiveram presentes o vice-prefeito de Boqueir\u00e3o, Marcos Freitas, o presidente da C\u00e2mara, Josinaldo Porto, vereadores, secret\u00e1rios da gest\u00e3o municipal e&nbsp; p\u00fablico em geral.<\/p>\n\n\n\n<p>A Sicoob tamb\u00e9m atuar\u00e1 com pessoas das cidades vizinhas a Boquei\u00e3o que desejem utilizar os servi\u00e7os, como: Cabaceiras, Caturit\u00e9, Barra de Santana, Riacho de Santo Ant\u00f4nio e outras.<\/p>\n\n\n\n<figure class=\"wp-block-image\"><img decoding=\"async\" data-src=\"http:\/\/www.blogdobrunolira.com.br\/wp-content\/uploads\/2019\/07\/333x249xWhatsApp-Image-2019-07-16-at-13.57.10.jpeg.pagespeed.ic.KjgBZBYinp.webp\" alt=\"\" class=\"wp-image-13425 lazyload\" src=\"data:image\/svg+xml;base64,PHN2ZyB3aWR0aD0iMSIgaGVpZ2h0PSIxIiB4bWxucz0iaHR0cDovL3d3dy53My5vcmcvMjAwMC9zdmciPjwvc3ZnPg==\" \/><\/figure>\n\n\n\n<p><strong>Blog do Bruno Lira<\/strong><\/p>\n","protected":false},"excerpt":{"rendered":"<p>Foi inaugurada nesta ter\u00e7a-feira (16) a nova ag\u00eancia do Sistema de Cooperativas de Cr\u00e9dito do Brasil (Sicoob) na cidade de Boqueir\u00e3o, na Rua Epit\u00e1cio Pessoa.&hellip; <\/p>\n","protected":false},"author":1,"featured_media":64723,"comment_status":"closed","ping_status":"closed","sticky":false,"template":"","format":"standard","meta":{"sfsi_plus_gutenberg_text_before_share":"","sfsi_plus_gutenberg_show_text_before_share":"","sfsi_plus_gutenberg_icon_type":"","sfsi_plus_gutenberg_icon_alignemt":"","sfsi_plus_gutenburg_max_per_row":"","footnotes":""},"categories":[6,50],"tags":[],"class_list":["post-105102","post","type-post","status-publish","format-standard","has-post-thumbnail","hentry","category-cidades","category-destaque"],"_links":{"self":[{"href":"https:\/\/www.caririemacao.com\/1\/wp-json\/wp\/v2\/posts\/105102","targetHints":{"allow":["GET"]}}],"collection":[{"href":"https:\/\/www.caririemacao.com\/1\/wp-json\/wp\/v2\/posts"}],"about":[{"href":"https:\/\/www.caririemacao.com\/1\/wp-json\/wp\/v2\/types\/post"}],"author":[{"embeddable":true,"href":"https:\/\/www.caririemacao.com\/1\/wp-json\/wp\/v2\/users\/1"}],"replies":[{"embeddable":true,"href":"https:\/\/www.caririemacao.com\/1\/wp-json\/wp\/v2\/comments?post=105102"}],"version-history":[{"count":1,"href":"https:\/\/www.caririemacao.com\/1\/wp-json\/wp\/v2\/posts\/105102\/revisions"}],"predecessor-version":[{"id":105103,"href":"https:\/\/www.caririemacao.com\/1\/wp-json\/wp\/v2\/posts\/105102\/revisions\/105103"}],"wp:featuredmedia":[{"embeddable":true,"href":"https:\/\/www.caririemacao.com\/1\/wp-json\/wp\/v2\/media\/64723"}],"wp:attachment":[{"href":"https:\/\/www.caririemacao.com\/1\/wp-json\/wp\/v2\/media?parent=105102"}],"wp:term":[{"taxonomy":"category","embeddable":true,"href":"https:\/\/www.caririemacao.com\/1\/wp-json\/wp\/v2\/categories?post=105102"},{"taxonomy":"post_tag","embeddable":true,"href":"https:\/\/www.caririemacao.com\/1\/wp-json\/wp\/v2\/tags?post=105102"}],"curies":[{"name":"wp","href":"https:\/\/api.w.org\/{rel}","templated":true}]}}