{"id":105105,"date":"2019-07-16T19:05:24","date_gmt":"2019-07-16T22:05:24","guid":{"rendered":"http:\/\/www.caririemacao.com\/1\/?p=105105"},"modified":"2019-07-16T19:05:24","modified_gmt":"2019-07-16T22:05:24","slug":"prefeitura-de-sao-jose-dos-cordeiros-da-continuidade-as-plenarias-do-orcamento-democratico-nas-comunidades-rurais","status":"publish","type":"post","link":"https:\/\/www.caririemacao.com\/1\/2019\/07\/16\/prefeitura-de-sao-jose-dos-cordeiros-da-continuidade-as-plenarias-do-orcamento-democratico-nas-comunidades-rurais\/","title":{"rendered":"Prefeitura de S\u00e3o Jos\u00e9 dos Cordeiros d\u00e1 continuidade \u00e0s plen\u00e1rias do Or\u00e7amento Democr\u00e1tico nas comunidades rurais"},"content":{"rendered":"\n<p>O prefeito Jefferson Roberto e sua equipe de gest\u00e3o est\u00e3o indo \u00e0s comunidades rurais dialogar com a popula\u00e7\u00e3o as prioridades para o or\u00e7amento p\u00fablico de 2020.<\/p>\n\n\n\n<p>As reuni\u00f5es fazem parte do programa Or\u00e7amento Democr\u00e1tico Municipal, criado pela atual gest\u00e3o para estreitar a rela\u00e7\u00e3o entre o Poder P\u00fablico Municipal e a popula\u00e7\u00e3o e eleger as a\u00e7\u00f5es que devem ser priorizadas pela atual administra\u00e7\u00e3o.<\/p>\n\n\n\n<p>Os primeiros encontros ocorreram nas comunidades da pelada, Pedra Lavrada, Viveiro e Impoeira Funda. As pr\u00f3ximas plen\u00e1rias se dar\u00e3o nesta quarta-feira (17) nas comunidades do Sim\u00e3o Lopes (08h30), Ro\u00e7ado de Fora (10h00), Algod\u00e3o de Baixo (14h00) e Algod\u00e3o dos Imperianos (15h30).<\/p>\n\n\n\n<p>No dia 18, quinta-feira, ser\u00e1 a vez das comunidades de Barra do Mineiro (08h30), Sal\u00e3o (10h00), Mundo Novo (14h00) e Cazuzinha (15h30) receberem a equipe administrativa da Prefeitura para eleger suas prioridades.<\/p>\n\n\n\n<p>O prefeito Jefferson Roberto disse que o programa do ODM \u00e9 uma prioridade de sua gest\u00e3o, pois consegue absolver os sentimentos e necessidades da popula\u00e7\u00e3o onde ela reside e dessa forma a Prefeitura consegue se organizar para melhorar a vida da popula\u00e7\u00e3o.<\/p>\n\n\n\n<p><em>Com Ascom PMSJC<\/em><\/p>\n","protected":false},"excerpt":{"rendered":"<p>O prefeito Jefferson Roberto e sua equipe de gest\u00e3o est\u00e3o indo \u00e0s comunidades rurais dialogar com a popula\u00e7\u00e3o as prioridades para o or\u00e7amento p\u00fablico de&hellip; <\/p>\n","protected":false},"author":1,"featured_media":105106,"comment_status":"closed","ping_status":"closed","sticky":false,"template":"","format":"standard","meta":{"sfsi_plus_gutenberg_text_before_share":"","sfsi_plus_gutenberg_show_text_before_share":"","sfsi_plus_gutenberg_icon_type":"","sfsi_plus_gutenberg_icon_alignemt":"","sfsi_plus_gutenburg_max_per_row":"","footnotes":""},"categories":[2],"tags":[],"class_list":["post-105105","post","type-post","status-publish","format-standard","has-post-thumbnail","hentry","category-geral"],"_links":{"self":[{"href":"https:\/\/www.caririemacao.com\/1\/wp-json\/wp\/v2\/posts\/105105","targetHints":{"allow":["GET"]}}],"collection":[{"href":"https:\/\/www.caririemacao.com\/1\/wp-json\/wp\/v2\/posts"}],"about":[{"href":"https:\/\/www.caririemacao.com\/1\/wp-json\/wp\/v2\/types\/post"}],"author":[{"embeddable":true,"href":"https:\/\/www.caririemacao.com\/1\/wp-json\/wp\/v2\/users\/1"}],"replies":[{"embeddable":true,"href":"https:\/\/www.caririemacao.com\/1\/wp-json\/wp\/v2\/comments?post=105105"}],"version-history":[{"count":1,"href":"https:\/\/www.caririemacao.com\/1\/wp-json\/wp\/v2\/posts\/105105\/revisions"}],"predecessor-version":[{"id":105107,"href":"https:\/\/www.caririemacao.com\/1\/wp-json\/wp\/v2\/posts\/105105\/revisions\/105107"}],"wp:featuredmedia":[{"embeddable":true,"href":"https:\/\/www.caririemacao.com\/1\/wp-json\/wp\/v2\/media\/105106"}],"wp:attachment":[{"href":"https:\/\/www.caririemacao.com\/1\/wp-json\/wp\/v2\/media?parent=105105"}],"wp:term":[{"taxonomy":"category","embeddable":true,"href":"https:\/\/www.caririemacao.com\/1\/wp-json\/wp\/v2\/categories?post=105105"},{"taxonomy":"post_tag","embeddable":true,"href":"https:\/\/www.caririemacao.com\/1\/wp-json\/wp\/v2\/tags?post=105105"}],"curies":[{"name":"wp","href":"https:\/\/api.w.org\/{rel}","templated":true}]}}