{"id":105128,"date":"2019-07-17T08:09:03","date_gmt":"2019-07-17T11:09:03","guid":{"rendered":"http:\/\/www.caririemacao.com\/1\/?p=105128"},"modified":"2019-07-17T08:09:03","modified_gmt":"2019-07-17T11:09:03","slug":"dupla-armada-invade-pag-facil-e-faz-clientes-refens-em-bayeux","status":"publish","type":"post","link":"https:\/\/www.caririemacao.com\/1\/2019\/07\/17\/dupla-armada-invade-pag-facil-e-faz-clientes-refens-em-bayeux\/","title":{"rendered":"Dupla armada invade Pag F\u00e1cil e faz clientes ref\u00e9ns em Bayeux"},"content":{"rendered":"\n<p>Armados com rev\u00f3lver e amea\u00e7ando de vida os clientes de um correspondente banc\u00e1rio em Bayeux, uma dupla de assaltantes fez ref\u00e9ns todos os clientes do Pag F\u00e1cil, na tarde desta ter\u00e7a-feira (16).&nbsp;Segundo informa\u00e7\u00f5es de v\u00edtimas, os&nbsp;dois homens jovens chegaram e renderam as pessoas que esperavam ser atendidas.&nbsp;<\/p>\n\n\n\n<p>Durante a a\u00e7\u00e3o, os homens&nbsp;realizaram um arrast\u00e3o no local e chegaram a levar dois clientes para o interior do local, ap\u00f3s subtra\u00edrem os pertences das v\u00edtimas.<\/p>\n\n\n\n<p>De acordo com informa\u00e7\u00f5es do Coronel T\u00falio Ramalho, os suspeitos fugiram logo ap\u00f3s a a\u00e7\u00e3o. A pol\u00edcia segue fazendo rondas para encontrar a dupla.&nbsp;<\/p>\n","protected":false},"excerpt":{"rendered":"<p>Armados com rev\u00f3lver e amea\u00e7ando de vida os clientes de um correspondente banc\u00e1rio em Bayeux, uma dupla de assaltantes fez ref\u00e9ns todos os clientes do&hellip; <\/p>\n","protected":false},"author":1,"featured_media":105129,"comment_status":"closed","ping_status":"closed","sticky":false,"template":"","format":"standard","meta":{"sfsi_plus_gutenberg_text_before_share":"","sfsi_plus_gutenberg_show_text_before_share":"","sfsi_plus_gutenberg_icon_type":"","sfsi_plus_gutenberg_icon_alignemt":"","sfsi_plus_gutenburg_max_per_row":"","footnotes":""},"categories":[12],"tags":[],"class_list":["post-105128","post","type-post","status-publish","format-standard","has-post-thumbnail","hentry","category-policia"],"_links":{"self":[{"href":"https:\/\/www.caririemacao.com\/1\/wp-json\/wp\/v2\/posts\/105128","targetHints":{"allow":["GET"]}}],"collection":[{"href":"https:\/\/www.caririemacao.com\/1\/wp-json\/wp\/v2\/posts"}],"about":[{"href":"https:\/\/www.caririemacao.com\/1\/wp-json\/wp\/v2\/types\/post"}],"author":[{"embeddable":true,"href":"https:\/\/www.caririemacao.com\/1\/wp-json\/wp\/v2\/users\/1"}],"replies":[{"embeddable":true,"href":"https:\/\/www.caririemacao.com\/1\/wp-json\/wp\/v2\/comments?post=105128"}],"version-history":[{"count":1,"href":"https:\/\/www.caririemacao.com\/1\/wp-json\/wp\/v2\/posts\/105128\/revisions"}],"predecessor-version":[{"id":105130,"href":"https:\/\/www.caririemacao.com\/1\/wp-json\/wp\/v2\/posts\/105128\/revisions\/105130"}],"wp:featuredmedia":[{"embeddable":true,"href":"https:\/\/www.caririemacao.com\/1\/wp-json\/wp\/v2\/media\/105129"}],"wp:attachment":[{"href":"https:\/\/www.caririemacao.com\/1\/wp-json\/wp\/v2\/media?parent=105128"}],"wp:term":[{"taxonomy":"category","embeddable":true,"href":"https:\/\/www.caririemacao.com\/1\/wp-json\/wp\/v2\/categories?post=105128"},{"taxonomy":"post_tag","embeddable":true,"href":"https:\/\/www.caririemacao.com\/1\/wp-json\/wp\/v2\/tags?post=105128"}],"curies":[{"name":"wp","href":"https:\/\/api.w.org\/{rel}","templated":true}]}}