{"id":105136,"date":"2019-07-17T08:15:38","date_gmt":"2019-07-17T11:15:38","guid":{"rendered":"http:\/\/www.caririemacao.com\/1\/?p=105136"},"modified":"2019-07-17T08:15:38","modified_gmt":"2019-07-17T11:15:38","slug":"lista-do-nao-me-perturbe-ja-tem-mais-de-600-mil-pessoas","status":"publish","type":"post","link":"https:\/\/www.caririemacao.com\/1\/2019\/07\/17\/lista-do-nao-me-perturbe-ja-tem-mais-de-600-mil-pessoas\/","title":{"rendered":"Lista do N\u00e3o me Perturbe j\u00e1 tem mais de 600 mil pessoas"},"content":{"rendered":"\n<p>O&nbsp;<em>site<\/em>&nbsp;<a href=\"http:\/\/www.naomeperturbe.com.br\/\">N\u00e3o me Perturbe&nbsp;<\/a>&nbsp;j\u00e1 teve 620 mil pessoas cadastradas no primeiro dia no ar.&nbsp;A iniciativa&nbsp;\u00e9 das operadoras de telecomunica\u00e7\u00f5es e atende a uma determina\u00e7\u00e3o da&nbsp;Ag\u00eancia Nacional de Telecomunica\u00e7\u00f5es (Anatel).&nbsp;O&nbsp;<em>site<\/em>&nbsp;\u00e9 um canal no qual podem se cadastrar pessoas que n\u00e3o desejam mais receber chamadas de<em>&nbsp;telemarketing&nbsp;<\/em>de servi\u00e7os de telefonia, dados e de TV paga.&nbsp;<\/p>\n\n\n\n<p>O balan\u00e7o&nbsp;preliminar foi divulgado pela Anatel&nbsp;em reuni\u00e3o com representantes das companhias do setor e do Minist\u00e9rio da Ci\u00eancia, Tecnologia, Inova\u00e7\u00f5es e Comunica\u00e7\u00f5es (MCTIC),&nbsp;nesta ter\u00e7a-feira (16).&nbsp;<br><br>As pessoas que n\u00e3o desejarem receber esse tipo de chamada podem incluir seu nome no&nbsp;<em>site<\/em>,&nbsp;no ar&nbsp;desde o in\u00edcio&nbsp;desta ter\u00e7a-feira (16).<\/p>\n\n\n\n<p>A lista vai ser \u00fanica e atingir\u00e1 as principais empresas do setor: Algar, Claro\/Net, Nextel, Oi, Sercomtel, Sky, TIM e Vivo.&nbsp;<br><br>Segundo a Anatel, se uma pessoa solicitar a sua inclus\u00e3o na lista do N\u00e3o me Perturbe e continuar recebendo liga\u00e7\u00f5es de oferta de bens e servi\u00e7os de telecomunica\u00e7\u00f5es, pode ligar para o n\u00famero 1331 e fazer uma reclama\u00e7\u00e3o. As san\u00e7\u00f5es podem variar de advert\u00eancia a multa de at\u00e9 R$ 50 milh\u00f5es.<\/p>\n\n\n\n<p>Assista na&nbsp;<strong>TV Brasil:<\/strong>&nbsp;Proibi\u00e7\u00e3o de telemarketing de telef\u00f4nicas come\u00e7ou nesta ter\u00e7a-feira<\/p>\n\n\n\n<figure><iframe allowfullscreen=\"\" data-src=\"https:\/\/www.youtube.com\/embed\/qbJ_JW2yeqw\" src=\"data:image\/svg+xml;base64,PHN2ZyB3aWR0aD0iMSIgaGVpZ2h0PSIxIiB4bWxucz0iaHR0cDovL3d3dy53My5vcmcvMjAwMC9zdmciPjwvc3ZnPg==\" class=\"lazyload\" data-load-mode=\"1\"><\/iframe><\/figure>\n\n\n\n<p>Confira tamb\u00e9m: Anatel vai fazer uma pesquisa para avaliar a qualidade de telefonia<\/p>\n\n\n\n<figure><iframe allowfullscreen=\"\" data-src=\"https:\/\/www.youtube.com\/embed\/_HY_bwdsfu4\" src=\"data:image\/svg+xml;base64,PHN2ZyB3aWR0aD0iMSIgaGVpZ2h0PSIxIiB4bWxucz0iaHR0cDovL3d3dy53My5vcmcvMjAwMC9zdmciPjwvc3ZnPg==\" class=\"lazyload\" data-load-mode=\"1\"><\/iframe><\/figure>\n","protected":false},"excerpt":{"rendered":"<p>O&nbsp;site&nbsp;N\u00e3o me Perturbe&nbsp;&nbsp;j\u00e1 teve 620 mil pessoas cadastradas no primeiro dia no ar.&nbsp;A iniciativa&nbsp;\u00e9 das operadoras de telecomunica\u00e7\u00f5es e atende a uma determina\u00e7\u00e3o da&nbsp;Ag\u00eancia Nacional&hellip; <\/p>\n","protected":false},"author":1,"featured_media":105137,"comment_status":"closed","ping_status":"closed","sticky":false,"template":"","format":"standard","meta":{"sfsi_plus_gutenberg_text_before_share":"","sfsi_plus_gutenberg_show_text_before_share":"","sfsi_plus_gutenberg_icon_type":"","sfsi_plus_gutenberg_icon_alignemt":"","sfsi_plus_gutenburg_max_per_row":"","footnotes":""},"categories":[2],"tags":[],"class_list":["post-105136","post","type-post","status-publish","format-standard","has-post-thumbnail","hentry","category-geral"],"_links":{"self":[{"href":"https:\/\/www.caririemacao.com\/1\/wp-json\/wp\/v2\/posts\/105136","targetHints":{"allow":["GET"]}}],"collection":[{"href":"https:\/\/www.caririemacao.com\/1\/wp-json\/wp\/v2\/posts"}],"about":[{"href":"https:\/\/www.caririemacao.com\/1\/wp-json\/wp\/v2\/types\/post"}],"author":[{"embeddable":true,"href":"https:\/\/www.caririemacao.com\/1\/wp-json\/wp\/v2\/users\/1"}],"replies":[{"embeddable":true,"href":"https:\/\/www.caririemacao.com\/1\/wp-json\/wp\/v2\/comments?post=105136"}],"version-history":[{"count":1,"href":"https:\/\/www.caririemacao.com\/1\/wp-json\/wp\/v2\/posts\/105136\/revisions"}],"predecessor-version":[{"id":105138,"href":"https:\/\/www.caririemacao.com\/1\/wp-json\/wp\/v2\/posts\/105136\/revisions\/105138"}],"wp:featuredmedia":[{"embeddable":true,"href":"https:\/\/www.caririemacao.com\/1\/wp-json\/wp\/v2\/media\/105137"}],"wp:attachment":[{"href":"https:\/\/www.caririemacao.com\/1\/wp-json\/wp\/v2\/media?parent=105136"}],"wp:term":[{"taxonomy":"category","embeddable":true,"href":"https:\/\/www.caririemacao.com\/1\/wp-json\/wp\/v2\/categories?post=105136"},{"taxonomy":"post_tag","embeddable":true,"href":"https:\/\/www.caririemacao.com\/1\/wp-json\/wp\/v2\/tags?post=105136"}],"curies":[{"name":"wp","href":"https:\/\/api.w.org\/{rel}","templated":true}]}}