{"id":105141,"date":"2019-07-17T08:19:09","date_gmt":"2019-07-17T11:19:09","guid":{"rendered":"http:\/\/www.caririemacao.com\/1\/?p=105141"},"modified":"2019-07-17T08:19:09","modified_gmt":"2019-07-17T11:19:09","slug":"onu-cerca-de-17-milhao-de-pessoas-foram-infectadas-pelo-hiv-em-2018","status":"publish","type":"post","link":"https:\/\/www.caririemacao.com\/1\/2019\/07\/17\/onu-cerca-de-17-milhao-de-pessoas-foram-infectadas-pelo-hiv-em-2018\/","title":{"rendered":"ONU: cerca de 1,7 milh\u00e3o de pessoas foram infectadas pelo HIV em 2018"},"content":{"rendered":"\n<p>Programa Conjunto das Na\u00e7\u00f5es Unidas sobre HIV\/Aids (Unaids) divulgou hoje (16) que cerca de 1,7 milh\u00e3o de pessoas em todo o mundo foram infectadas pelo v\u00edrus em 2018 \u2013 uma redu\u00e7\u00e3o de 16% em rela\u00e7\u00e3o a 2010. O documento&nbsp;<em>Atualiza\u00e7\u00e3o Global sobre a Aids<\/em>&nbsp;\u2013<em>&nbsp;Comunidades no centro<\/em>&nbsp;revela que a queda foi impulsionada principalmente por progressos no leste e no sul da \u00c1frica.<\/p>\n\n\n\n<p>O estudo, lan\u00e7ado em Genebra, na Su\u00ed\u00e7a, e em Eshowe, na \u00c1frica do Sul, alerta, entretanto, que, enquanto alguns pa\u00edses t\u00eam avan\u00e7os acentuados, outros observam o aumento de novas infec\u00e7\u00f5es pelo v\u00edrus e de mortes relacionadas \u00e0 aids. O relat\u00f3rio aponta ainda uma desacelera\u00e7\u00e3o na redu\u00e7\u00e3o de novas infec\u00e7\u00f5es por HIV.<\/p>\n\n\n\n<p>\u201cA epidemia do HIV p\u00f4s em foco muitas falhas da sociedade. Onde h\u00e1 desigualdades, desequil\u00edbrios de poder, viol\u00eancia, marginaliza\u00e7\u00e3o, tabus, estigma e discrimina\u00e7\u00e3o, o HIV toma conta\u201d, avalia a diretora do Unaids, Gunilla Carlsson.<\/p>\n\n\n\n<p>Segundo o documento, o panorama da epidemia no mundo est\u00e1 mudando: em 2018, mais da metade de todas as novas infec\u00e7\u00f5es por HIV foram em pessoas que integram as chamadas popula\u00e7\u00f5es-chave, que incluem profissionais do sexo, pessoas que usam drogas, homens gays, homens que fazem sexo com homens, transexuais e presidi\u00e1rios \u2013 e seus parceiros.<\/p>\n\n\n\n<p>Globalmente, as novas infec\u00e7\u00f5es por HIV entre mulheres jovens (com idade entre 15 e 24 anos) ca\u00edram 25% entre 2010 e 2018.&nbsp;<\/p>\n\n\n\n<p>\u201cEsta \u00e9 uma boa not\u00edcia, mas, \u00e9 claro, continua a ser inaceit\u00e1vel que 6 mil meninas adolescentes e mulheres jovens sejam infectadas pelo HIV toda semana. A sa\u00fade sexual e reprodutiva e os direitos das mulheres e jovens muitas vezes ainda s\u00e3o negados\u201d, aponta Gunilla Carlsson.<\/p>\n\n\n\n<h2 class=\"wp-block-heading\">Pa\u00edses de l\u00edngua portuguesa<\/h2>\n\n\n\n<p>O estudo inclui avan\u00e7os para que se tenha, at\u00e9 2020, 90% das pessoas com HIV devidamente diagnosticadas, 90% delas realizando tratamento com antirretrovirais e, deste grupo, 90% com carga viral indetect\u00e1vel.&nbsp;<\/p>\n\n\n\n<p>No primeiro indicador, Brasil, Cabo Verde e Portugal cumpriram ou est\u00e3o a caminho de cumprir a meta. Os dois \u00faltimos pa\u00edses tamb\u00e9m est\u00e3o em vias de alcan\u00e7ar o segundo indicador.<\/p>\n\n\n\n<p>O Brasil \u00e9 citado como o \u00fanico pa\u00eds em vias de cumprir o objetivo de alcan\u00e7ar 90% de pessoas com carga viral indetect\u00e1vel, o que indica sucesso do m\u00e9todo terap\u00eautico aplicado no pa\u00eds.<\/p>\n\n\n\n<p>A Guin\u00e9-Bissau \u00e9 mencionada no estudo pelo alto n\u00famero de mulheres que vivem com defici\u00eancia com maior probabilidade de serem soropositivas do que homens na mesma situa\u00e7\u00e3o.<\/p>\n\n\n\n<p>Mo\u00e7ambique \u00e9 citada pelo sucesso em a\u00e7\u00f5es com base na comunidade, que podem resultar na garantia de direitos \u00e0 sa\u00fade em um pa\u00eds de baixa renda com uma das maiores epidemias de HIV do mundo e v\u00e1rios desafios de sa\u00fade p\u00fablica. Os recentes ciclones e o efeito no sistema de sa\u00fade s\u00e3o apontados no relat\u00f3rio, que cita outros agravantes como pobreza extrema, acesso desigual, escassez e fraca presen\u00e7a de provedores de servi\u00e7os de sa\u00fade.<\/p>\n\n\n\n<p>J\u00e1 Angola \u00e9 um dos sete pa\u00edses onde o n\u00famero de infe\u00e7\u00f5es aumentou em crian\u00e7as.<\/p>\n\n\n\n<h2 class=\"wp-block-heading\">Popula\u00e7\u00f5es<\/h2>\n\n\n\n<p>O documento mostra que as popula\u00e7\u00f5es-chave e seus parceiros sexuais representam atualmente 54% das novas infec\u00e7\u00f5es pelo HIV no mundo. Em 2018, o grupo respondia por 95% delas, enquanto as regi\u00f5es que precisavam de maior aten\u00e7\u00e3o eram Europa Oriental e Central, Oriente M\u00e9dio e Norte da \u00c1frica.<\/p>\n\n\n\n<p>O estudo revela ainda que menos de 50% das popula\u00e7\u00f5es-chave foram atingidas com servi\u00e7os combinados de preven\u00e7\u00e3o ao HIV, problema relatado em mais da metade dos pa\u00edses pesquisados. Segundo o Unaids, isso seria um indicativo de que elas est\u00e3o sendo marginalizadas e deixadas para tr\u00e1s na resposta ao HIV.<\/p>\n","protected":false},"excerpt":{"rendered":"<p>Programa Conjunto das Na\u00e7\u00f5es Unidas sobre HIV\/Aids (Unaids) divulgou hoje (16) que cerca de 1,7 milh\u00e3o de pessoas em todo o mundo foram infectadas pelo&hellip; <\/p>\n","protected":false},"author":1,"featured_media":105142,"comment_status":"closed","ping_status":"closed","sticky":false,"template":"","format":"standard","meta":{"sfsi_plus_gutenberg_text_before_share":"","sfsi_plus_gutenberg_show_text_before_share":"","sfsi_plus_gutenberg_icon_type":"","sfsi_plus_gutenberg_icon_alignemt":"","sfsi_plus_gutenburg_max_per_row":"","footnotes":""},"categories":[16],"tags":[],"class_list":["post-105141","post","type-post","status-publish","format-standard","has-post-thumbnail","hentry","category-saude"],"_links":{"self":[{"href":"https:\/\/www.caririemacao.com\/1\/wp-json\/wp\/v2\/posts\/105141","targetHints":{"allow":["GET"]}}],"collection":[{"href":"https:\/\/www.caririemacao.com\/1\/wp-json\/wp\/v2\/posts"}],"about":[{"href":"https:\/\/www.caririemacao.com\/1\/wp-json\/wp\/v2\/types\/post"}],"author":[{"embeddable":true,"href":"https:\/\/www.caririemacao.com\/1\/wp-json\/wp\/v2\/users\/1"}],"replies":[{"embeddable":true,"href":"https:\/\/www.caririemacao.com\/1\/wp-json\/wp\/v2\/comments?post=105141"}],"version-history":[{"count":1,"href":"https:\/\/www.caririemacao.com\/1\/wp-json\/wp\/v2\/posts\/105141\/revisions"}],"predecessor-version":[{"id":105143,"href":"https:\/\/www.caririemacao.com\/1\/wp-json\/wp\/v2\/posts\/105141\/revisions\/105143"}],"wp:featuredmedia":[{"embeddable":true,"href":"https:\/\/www.caririemacao.com\/1\/wp-json\/wp\/v2\/media\/105142"}],"wp:attachment":[{"href":"https:\/\/www.caririemacao.com\/1\/wp-json\/wp\/v2\/media?parent=105141"}],"wp:term":[{"taxonomy":"category","embeddable":true,"href":"https:\/\/www.caririemacao.com\/1\/wp-json\/wp\/v2\/categories?post=105141"},{"taxonomy":"post_tag","embeddable":true,"href":"https:\/\/www.caririemacao.com\/1\/wp-json\/wp\/v2\/tags?post=105141"}],"curies":[{"name":"wp","href":"https:\/\/api.w.org\/{rel}","templated":true}]}}