{"id":105162,"date":"2019-07-17T08:34:48","date_gmt":"2019-07-17T11:34:48","guid":{"rendered":"http:\/\/www.caririemacao.com\/1\/?p=105162"},"modified":"2019-07-17T08:34:48","modified_gmt":"2019-07-17T11:34:48","slug":"bolsonaro-diz-que-economia-esta-maravilhosa-mas-dados-nao-mostram-isso","status":"publish","type":"post","link":"https:\/\/www.caririemacao.com\/1\/2019\/07\/17\/bolsonaro-diz-que-economia-esta-maravilhosa-mas-dados-nao-mostram-isso\/","title":{"rendered":"Bolsonaro diz que economia est\u00e1 \u201cmaravilhosa\u201d, mas dados n\u00e3o mostram isso"},"content":{"rendered":"\n<p>presidente Jair Bolsonaro (PSL) disse nesta ter\u00e7a-feira (16) que os dados sobre a economia est\u00e3o \u201cmaravilhosos\u201d. Ele afirmou que h\u00e1 uma \u201cperspectiva de ascend\u00eancia na quest\u00e3o da economia\u201d, ap\u00f3s a\u00a0<strong>aprova\u00e7\u00e3o da reforma da Previd\u00eancia em primeiro turno<\/strong>\u00a0na C\u00e2mara.- Continua depois da publicidade &#8211;<\/p>\n\n\n\n<figure><iframe data-src=\"https:\/\/paraibaja.com.br\/?_dnid=138773&amp;t=1558288208\" src=\"data:image\/svg+xml;base64,PHN2ZyB3aWR0aD0iMSIgaGVpZ2h0PSIxIiB4bWxucz0iaHR0cDovL3d3dy53My5vcmcvMjAwMC9zdmciPjwvc3ZnPg==\" class=\"lazyload\" data-load-mode=\"1\"><\/iframe><\/figure>\n\n\n\n<p>\u201cA maior prova de que eu acredito na equipe econ\u00f4mica \u00e9 n\u00e3o interferir. Est\u00e1 indo muito bem. Os dados s\u00e3o maravilhosos. De ontem para hoje, j\u00e1 est\u00e1 uma perspectiva de ascend\u00eancia na quest\u00e3o da economia, dos dados da economia\u201d, real\u00e7ou Bolsonaro.<\/p>\n\n\n\n<p>Apesar da declara\u00e7\u00e3o otimista do presidente, a situa\u00e7\u00e3o n\u00e3o \u00e9 exatamente \u201cmaravilhosa\u201d. Houve melhora em Bolsa e d\u00f3lar, por exemplo, mas outros dados n\u00e3o sustentam essa avalia\u00e7\u00e3o. Confira abaixo os detalhes da economia brasileira.<\/p>\n\n\n\n<h3 class=\"wp-block-heading\">PIB<\/h3>\n\n\n\n<p>A proje\u00e7\u00e3o de economistas para o crescimento do PIB (<a href=\"https:\/\/paraibaja.com.br\/ipea-reduz-previsao-de-crescimento-do-pib-para-este-ano\/\" target=\"_blank\" rel=\"noreferrer noopener\"><strong>Produto Interno Bruto<\/strong><\/a>) brasileiro em 2019, por exemplo, foi reduzida pela 20\u00aa semana seguida: caiu de 0,82% para 0,81%.<\/p>\n\n\n\n<h3 class=\"wp-block-heading\">Desemprego<\/h3>\n\n\n\n<p>No trimestre encerrado em maio, de acordo com dados do IBGE (<strong>Instituto Brasileiro de Geografia e Estat\u00edstica<\/strong>), o desemprego no pa\u00eds foi de 12,3%, em m\u00e9dia, considerando tudo (com e sem carteira assinada).<\/p>\n\n\n\n<p>O \u00edndice ficou est\u00e1vel em rela\u00e7\u00e3o ao trimestre anterior, de dezembro de 2018 a fevereiro de 2019 (12,4%), e caiu na compara\u00e7\u00e3o com o mesmo trimestre do ano passado (12,7%). Segundo o IBGE, o n\u00famero de desempregados no Brasil foi de 13 milh\u00f5es de pessoas.<\/p>\n\n\n\n<p>Em rela\u00e7\u00e3o \u00e0s vagas com carteira assinada, o Brasil abriu 32.140 postos em maio. Apesar de positivo, o resultado foi o pior para o m\u00eas desde 2016, quando foram fechadas 72.615 vagas.<\/p>\n\n\n\n<h3 class=\"wp-block-heading\">D\u00f3lar<\/h3>\n\n\n\n<p>Este \u00e9 um ponto positivo na economia. Na semana passada, o d\u00f3lar comercial chegou a fechar no menor valor em mais de quatro meses, desde 28 de fevereiro (R$ 3,753), em dia de vota\u00e7\u00e3o da reforma da Previd\u00eancia na C\u00e2mara dos Deputados.<\/p>\n\n\n\n<h3 class=\"wp-block-heading\">Bolsa<\/h3>\n\n\n\n<p>Outro item que melhorou: o Ibovespa, principal \u00edndice da Bolsa brasileira, bateu recorde na semana passada e continua acima de 100 mil pontos.<\/p>\n\n\n\n<h3 class=\"wp-block-heading\">Atividade econ\u00f4mica<\/h3>\n\n\n\n<p>Mais um ponto positivo. Ap\u00f3s quatro meses consecutivos de queda, a atividade da economia reagiu em maio no Brasil, conforme dados divulgados segunda-feira (15) pelo Banco Central. O \u00cdndice de Atividade do BC (IBC-Br), considerado uma \u201cpr\u00e9via informal\u201d do PIB, subiu 0,54% na compara\u00e7\u00e3o com abril. Foi o primeiro resultado positivo no governo de Jair Bolsonaro.<\/p>\n\n\n\n<h1 class=\"wp-block-heading\">Segundo turno da Previd\u00eancia em agosto<\/h1>\n\n\n\n<p>A reforma foi aprovada em primeiro turno por 379 votos favor\u00e1veis. A margem de 71 votos acima do m\u00ednimo necess\u00e1rio (308) animou o mercado financeiro. O&nbsp;<a href=\"https:\/\/paraibaja.com.br\/rodrigo-maia-e-reeleito-presidente-da-camara-dos-deputados\/\" target=\"_blank\" rel=\"noreferrer noopener\"><strong>presidente da Casa, Rodrigo Maia<\/strong><\/a>(DEM-RJ), atribuiu o resultado a uma vit\u00f3ria do Congresso, e n\u00e3o do governo.<\/p>\n\n\n\n<p>A vota\u00e7\u00e3o em segundo turno deve acontecer apenas em agosto, ap\u00f3s o recesso parlamentar, que come\u00e7a em 18 de julho.<\/p>\n\n\n\n<p>Se aprovado, o texto seguir\u00e1 para o Senado, onde a perspectiva dos senadores \u00e9 aprovar o texto em setembro.<\/p>\n\n\n\n<p>\u201c\u00c9 sinal de que n\u00f3s estamos, como um todo, transmitindo confian\u00e7a n\u00e3o s\u00f3 para dentro como para fora do Brasil\u201d, afirmou Bolsonaro. As an\u00e1lises s\u00e3o da&nbsp;<a href=\"https:\/\/economia.uol.com.br\/noticias\/\" target=\"_blank\" rel=\"noreferrer noopener\"><strong>editoria de Economia do Uol<\/strong><\/a>.<\/p>\n","protected":false},"excerpt":{"rendered":"<p>presidente Jair Bolsonaro (PSL) disse nesta ter\u00e7a-feira (16) que os dados sobre a economia est\u00e3o \u201cmaravilhosos\u201d. Ele afirmou que h\u00e1 uma \u201cperspectiva de ascend\u00eancia na&hellip; <\/p>\n","protected":false},"author":1,"featured_media":104482,"comment_status":"closed","ping_status":"closed","sticky":false,"template":"","format":"standard","meta":{"sfsi_plus_gutenberg_text_before_share":"","sfsi_plus_gutenberg_show_text_before_share":"","sfsi_plus_gutenberg_icon_type":"","sfsi_plus_gutenberg_icon_alignemt":"","sfsi_plus_gutenburg_max_per_row":"","footnotes":""},"categories":[11],"tags":[],"class_list":["post-105162","post","type-post","status-publish","format-standard","has-post-thumbnail","hentry","category-politica"],"_links":{"self":[{"href":"https:\/\/www.caririemacao.com\/1\/wp-json\/wp\/v2\/posts\/105162","targetHints":{"allow":["GET"]}}],"collection":[{"href":"https:\/\/www.caririemacao.com\/1\/wp-json\/wp\/v2\/posts"}],"about":[{"href":"https:\/\/www.caririemacao.com\/1\/wp-json\/wp\/v2\/types\/post"}],"author":[{"embeddable":true,"href":"https:\/\/www.caririemacao.com\/1\/wp-json\/wp\/v2\/users\/1"}],"replies":[{"embeddable":true,"href":"https:\/\/www.caririemacao.com\/1\/wp-json\/wp\/v2\/comments?post=105162"}],"version-history":[{"count":1,"href":"https:\/\/www.caririemacao.com\/1\/wp-json\/wp\/v2\/posts\/105162\/revisions"}],"predecessor-version":[{"id":105164,"href":"https:\/\/www.caririemacao.com\/1\/wp-json\/wp\/v2\/posts\/105162\/revisions\/105164"}],"wp:featuredmedia":[{"embeddable":true,"href":"https:\/\/www.caririemacao.com\/1\/wp-json\/wp\/v2\/media\/104482"}],"wp:attachment":[{"href":"https:\/\/www.caririemacao.com\/1\/wp-json\/wp\/v2\/media?parent=105162"}],"wp:term":[{"taxonomy":"category","embeddable":true,"href":"https:\/\/www.caririemacao.com\/1\/wp-json\/wp\/v2\/categories?post=105162"},{"taxonomy":"post_tag","embeddable":true,"href":"https:\/\/www.caririemacao.com\/1\/wp-json\/wp\/v2\/tags?post=105162"}],"curies":[{"name":"wp","href":"https:\/\/api.w.org\/{rel}","templated":true}]}}