{"id":105177,"date":"2019-07-17T09:15:28","date_gmt":"2019-07-17T12:15:28","guid":{"rendered":"http:\/\/www.caririemacao.com\/1\/?p=105177"},"modified":"2019-07-17T09:15:28","modified_gmt":"2019-07-17T12:15:28","slug":"queda-de-comercio-com-eua-afeta-exportacoes-brasileiras","status":"publish","type":"post","link":"https:\/\/www.caririemacao.com\/1\/2019\/07\/17\/queda-de-comercio-com-eua-afeta-exportacoes-brasileiras\/","title":{"rendered":"Queda de com\u00e9rcio com EUA afeta exporta\u00e7\u00f5es brasileiras"},"content":{"rendered":"\n<p>As exporta\u00e7\u00f5es recuaram 10,4%, em valor, na compara\u00e7\u00e3o de junho deste ano com o mesmo per\u00edodo do ano passado. No acumulado do primeiro semestre, a queda chegou a 3,5%. Os dados s\u00e3o do \u00cdndice de Com\u00e9rcio Exterior (Icomex) da Funda\u00e7\u00e3o Getulio Vargas (FGV).<\/p>\n\n\n\n<p>De acordo com a FGV, o resultado foi puxado pela queda nas exporta\u00e7\u00f5es para os principais parceiros do pa\u00eds: Estados Unidos, China e Argentina. No caso do nosso vizinho sul-americano, o recuo das vendas brasileiras \u00e9 explicado pela crise econ\u00f4mica naquele pa\u00eds.<\/p>\n\n\n\n<p>No caso da China, que \u00e9 destino de 26% das nossas exporta\u00e7\u00f5es, a queda do valor exportado em junho foi 4,1%. Segundo a FGV, houve uma queda de 3,7% no volume exportado e de 1,9% no pre\u00e7o desses produtos.<\/p>\n\n\n\n<p>No caso dos Estados Unidos, houve uma queda de 12,2% no valor exportado em junho, depois de um crescimento no m\u00eas anterior. O pre\u00e7o dos produtos exportados para o mercado norte-americano caiu 10,6% e o volume, 1,6%.<\/p>\n\n\n\n<p>Apesar da queda do valor exportado para outros pa\u00edses, a balan\u00e7a comercial brasileira conseguiu fechar o m\u00eas com um saldo positivo de 5 bilh\u00f5es de d\u00f3lares e o semestre, com super\u00e1vit e 26 bilh\u00f5es.<\/p>\n","protected":false},"excerpt":{"rendered":"<p>As exporta\u00e7\u00f5es recuaram 10,4%, em valor, na compara\u00e7\u00e3o de junho deste ano com o mesmo per\u00edodo do ano passado. No acumulado do primeiro semestre, a&hellip; <\/p>\n","protected":false},"author":1,"featured_media":105178,"comment_status":"closed","ping_status":"closed","sticky":false,"template":"","format":"standard","meta":{"sfsi_plus_gutenberg_text_before_share":"","sfsi_plus_gutenberg_show_text_before_share":"","sfsi_plus_gutenberg_icon_type":"","sfsi_plus_gutenberg_icon_alignemt":"","sfsi_plus_gutenburg_max_per_row":"","footnotes":""},"categories":[2],"tags":[],"class_list":["post-105177","post","type-post","status-publish","format-standard","has-post-thumbnail","hentry","category-geral"],"_links":{"self":[{"href":"https:\/\/www.caririemacao.com\/1\/wp-json\/wp\/v2\/posts\/105177","targetHints":{"allow":["GET"]}}],"collection":[{"href":"https:\/\/www.caririemacao.com\/1\/wp-json\/wp\/v2\/posts"}],"about":[{"href":"https:\/\/www.caririemacao.com\/1\/wp-json\/wp\/v2\/types\/post"}],"author":[{"embeddable":true,"href":"https:\/\/www.caririemacao.com\/1\/wp-json\/wp\/v2\/users\/1"}],"replies":[{"embeddable":true,"href":"https:\/\/www.caririemacao.com\/1\/wp-json\/wp\/v2\/comments?post=105177"}],"version-history":[{"count":1,"href":"https:\/\/www.caririemacao.com\/1\/wp-json\/wp\/v2\/posts\/105177\/revisions"}],"predecessor-version":[{"id":105179,"href":"https:\/\/www.caririemacao.com\/1\/wp-json\/wp\/v2\/posts\/105177\/revisions\/105179"}],"wp:featuredmedia":[{"embeddable":true,"href":"https:\/\/www.caririemacao.com\/1\/wp-json\/wp\/v2\/media\/105178"}],"wp:attachment":[{"href":"https:\/\/www.caririemacao.com\/1\/wp-json\/wp\/v2\/media?parent=105177"}],"wp:term":[{"taxonomy":"category","embeddable":true,"href":"https:\/\/www.caririemacao.com\/1\/wp-json\/wp\/v2\/categories?post=105177"},{"taxonomy":"post_tag","embeddable":true,"href":"https:\/\/www.caririemacao.com\/1\/wp-json\/wp\/v2\/tags?post=105177"}],"curies":[{"name":"wp","href":"https:\/\/api.w.org\/{rel}","templated":true}]}}