{"id":105190,"date":"2019-07-17T09:23:58","date_gmt":"2019-07-17T12:23:58","guid":{"rendered":"http:\/\/www.caririemacao.com\/1\/?p=105190"},"modified":"2019-07-17T09:23:58","modified_gmt":"2019-07-17T12:23:58","slug":"governo-finaliza-reforma-tributaria-e-discute-imposto","status":"publish","type":"post","link":"https:\/\/www.caririemacao.com\/1\/2019\/07\/17\/governo-finaliza-reforma-tributaria-e-discute-imposto\/","title":{"rendered":"Governo finaliza reforma tribut\u00e1ria e discute imposto"},"content":{"rendered":"\n<p>ministro da Economia, Paulo Guedes, confirmou nesta ter\u00e7a-feira (16) que sua equipe est\u00e1 finalizando um projeto de reforma de tribut\u00e1ria. Ele afirmou ainda que est\u00e1 em discuss\u00e3o a cria\u00e7\u00e3o um imposto sobre transa\u00e7\u00f5es financeiras.<\/p>\n\n\n\n<p>As declara\u00e7\u00f5es foram dadas por Guedes em Santa F\u00e9, na Argentina. O ministro participa da 54\u00aa C\u00fapula do Mercosul.<\/p>\n\n\n\n<p>\u201cTudo tem um timing pol\u00edtico. T\u00ednhamos a prioridade com a [reforma da] Previd\u00eancia. Isso tendo sido processado, n\u00f3s vamos entrar imediatamente com o pacto federativo, com a reforma tribut\u00e1ria\u201d, disse Guedes.<\/p>\n\n\n\n<p>Segundo ele, o governo federal vai encaminhar ao Congresso Nacional a cria\u00e7\u00e3o de um IVA (Imposto sobre Valor Agregado) para unificar tributos federais. Hoje, j\u00e1 est\u00e3o em debates reformas tribut\u00e1rias na C\u00e2mara e no Senado.<\/p>\n\n\n\n<p>\u201cVai existir um imposto \u00fanico federal, os Estados e munic\u00edpios se resolverem mudar para a base IVA podem acoplar-se ao nosso. N\u00f3s somos liberais, acreditamos que cada inst\u00e2ncia do governo tem sua capacidade de taxa\u00e7\u00e3o e tributa\u00e7\u00e3o, n\u00f3s respeitaremos isso\u201d.<\/p>\n\n\n\n<p>A inten\u00e7\u00e3o do governo, segundo Guedes, \u00e9 desonerar as folhas de pagamentos e reduzir o custo da m\u00e3o de obra. Por isso, ser\u00e1 mudado tamb\u00e9m o IR (Imposto de Renda).<\/p>\n\n\n\n<p>\u201cOs encargos sobre folha de pagamento s\u00e3o um imposto cruel, perverso, cria milh\u00f5es de desempregados no Brasil\u201d, afirmou.<\/p>\n\n\n\n<p>O ministro disse que hoje no Brasil h\u00e1 milh\u00f5es \u2013\u201d20, 30 milh\u00f5es de brasileiros desempregados, desalentados, que n\u00e3o contribuem para a Previd\u00eancia\u201d. \u201c[Eles] v\u00e3o envelhecer e v\u00e3o quebrar a Previd\u00eancia l\u00e1 na frente tamb\u00e9m.\u201d<\/p>\n\n\n\n<p>\u201cDe acordo com Guedes, a reforma tribut\u00e1ria precisa reduzir encargos, sobretudo os trabalhistas. \u201cNesse contexto, falou-se de tributa\u00e7\u00e3o de transa\u00e7\u00f5es para mudar e substituir esses impostos sobre a m\u00e3o de obra que destroem empregos e minam a pr\u00f3pria Previd\u00eancia Social.\u201d<\/p>\n\n\n\n<p>PREVID\u00caNCIA<br>Ao ser questionado se a reforma da Previd\u00eancia aprovada na C\u00e2mara \u00e9 a que havia idealizado, Guedes disse que ele \u201c\u00e9 absolutamente previs\u00edvel\u201d. \u201cO que eu pedi da reforma da Previd\u00eancia? [Economia de] R$ 1 trilh\u00e3o [em dez ano]. Ponto. O resto agora \u00e9 trabalho do Congresso.\u201d<\/p>\n\n\n\n<p>Ele disse que esse trabalho faz parte da democracia. A proposta inicial do governo previa economia de mais R$ 1,2 trilh\u00e3o em uma d\u00e9cada, mas o texto aprovado na C\u00e2mara poupar\u00e1 em torno de R$ 900 bilh\u00f5es.<\/p>\n\n\n\n<p>Guedes mant\u00e9m a esperan\u00e7a de implementar no Brasil um regime de capitaliza\u00e7\u00e3o, no qual cada trabalhador faz uma poupan\u00e7a para receber a aposentadoria no futuro. Hoje, o sistema no pa\u00eds \u00e9 o de reparti\u00e7\u00e3o. Nele, os trabalhadores da ativa pagam os benef\u00edcios dos aposentados e pensionistas.<\/p>\n\n\n\n<p>O ministro se mostrou esperan\u00e7oso sobre a possibilidade de a capitaliza\u00e7\u00e3o ser mandada no segundo semestre como PEC.<\/p>\n\n\n\n<p>\u201cSobre a Previd\u00eancia, eu tenho dito que o sistema de reparti\u00e7\u00e3o \u00e9 um sistema condenado, n\u00f3s gostar\u00edamos de mudar o eixo em dire\u00e7\u00e3o a um sistema de capitaliza\u00e7\u00e3o, que colocar\u00e1 o Brasil para crescer.\u201d<\/p>\n\n\n\n<p>Segundo Guedes, o sistema de reparti\u00e7\u00e3o est\u00e1 condenado a parar os pagamentos. \u201cA Previd\u00eancia hoje \u00e9 um buraco fiscal, n\u00f3s queremos consertar o sistema antigo e migrar em dire\u00e7\u00e3o ao sistema de capitaliza\u00e7\u00e3o, que vai colocar o Brasil para crescer.\u201d<\/p>\n\n\n\n<p>MOEDA \u00daNICA E MERCOSUL<br>Sobre a pol\u00edtica econ\u00f4mica internacional, o ministro disse que a participa\u00e7\u00e3o do Brasil no Mercosul est\u00e1 voltada \u00e0 ideia de \u201cabrir nossa economia, integr\u00e1-la \u00e0 economia mundial\u201d.<\/p>\n\n\n\n<p>\u201cO mundo cresceu muito mais do que a economia brasileira durante 30 anos. Porque eram economias que estavam integradas, todo mundo crescendo junto e o Brasil ficou para tr\u00e1s. N\u00f3s queremos trocar o eixo a\u00ed tamb\u00e9m, ir para um modelo de integra\u00e7\u00e3o competitiva com as economias globais.<\/p>\n\n\n\n<p>\u201cGuedes foi de novo questionado sobre a possibilidade de Brasil e Argentina adotarem uma moeda \u00fanica, o peso-real, levantada durante a \u00faltima visita do presidente Jair Bolsonaro ao pa\u00eds vizinho.<\/p>\n\n\n\n<p>\u201cQuando os pa\u00edses fazem integra\u00e7\u00e3o comercial, e o melhor exemplo disso \u00e9 a pr\u00f3pria Europa, l\u00e1 na frente se desemboca numa moeda comum, como foi com o euro.\u201d<\/p>\n\n\n\n<p>Segundo ele, \u201ca integra\u00e7\u00e3o \u00e9 facilitada quando se desenvolve uma moeda comum\u201d.<\/p>\n\n\n\n<p>\u201cComo a Argentina est\u00e1 com uma infla\u00e7\u00e3o um pouco alta, essa converg\u00eancia para uma moeda comum poderia ser mais oportuna, mas do ponto de vista mais objetivo n\u00e3o houve nada disso ainda. Est\u00e1vamos falando de um horizonte mais distante, que viria depois da integra\u00e7\u00e3o econ\u00f4mica. N\u00e3o \u00e9 algo simples, tem de ser estudado.\u201d<\/p>\n\n\n\n<p>Sobre o Mercosul, ele disse que v\u00ea neste momento uma janela de oportunidades.<\/p>\n\n\n\n<p>\u201cCom os argentinos e com o Mercosul fizemos o acordo com a Uni\u00e3o Europeia, continuamos conversando com os americanos, se acertarmos alguma coisa com eles isso \u00e9 extensivo aos demais membros do Mercosul.\u201d<\/p>\n\n\n\n<p>Guedes disse que compartilha com a vis\u00e3o do presidente Bolsonaro de que \u201co Mercosul serviu para fechar a economia brasileira, o Mercosul estagnou a economia brasileira, estagnou a economia argentina, porque estava alinhado a uma ideologia obsoleta. O Mercosul tem sido uma ferramenta de atraso\u201d.<\/p>\n\n\n\n<p>Para o ministro, o Mercosul tem de virar uma ferramenta para integrar as economias latino-americanas em torno de uma economia moderna.<\/p>\n\n\n\n<p>Caso contr\u00e1rio, \u201co Mercosul n\u00e3o nos interessa, e essa \u00e9 exatamente a vis\u00e3o do presidente Macri, Bolsonaro e [do presidente americano Donald] Trump.\u201d<\/p>\n","protected":false},"excerpt":{"rendered":"<p>ministro da Economia, Paulo Guedes, confirmou nesta ter\u00e7a-feira (16) que sua equipe est\u00e1 finalizando um projeto de reforma de tribut\u00e1ria. Ele afirmou ainda que est\u00e1&hellip; <\/p>\n","protected":false},"author":1,"featured_media":105191,"comment_status":"closed","ping_status":"closed","sticky":false,"template":"","format":"standard","meta":{"sfsi_plus_gutenberg_text_before_share":"","sfsi_plus_gutenberg_show_text_before_share":"","sfsi_plus_gutenberg_icon_type":"","sfsi_plus_gutenberg_icon_alignemt":"","sfsi_plus_gutenburg_max_per_row":"","footnotes":""},"categories":[11],"tags":[],"class_list":["post-105190","post","type-post","status-publish","format-standard","has-post-thumbnail","hentry","category-politica"],"_links":{"self":[{"href":"https:\/\/www.caririemacao.com\/1\/wp-json\/wp\/v2\/posts\/105190","targetHints":{"allow":["GET"]}}],"collection":[{"href":"https:\/\/www.caririemacao.com\/1\/wp-json\/wp\/v2\/posts"}],"about":[{"href":"https:\/\/www.caririemacao.com\/1\/wp-json\/wp\/v2\/types\/post"}],"author":[{"embeddable":true,"href":"https:\/\/www.caririemacao.com\/1\/wp-json\/wp\/v2\/users\/1"}],"replies":[{"embeddable":true,"href":"https:\/\/www.caririemacao.com\/1\/wp-json\/wp\/v2\/comments?post=105190"}],"version-history":[{"count":1,"href":"https:\/\/www.caririemacao.com\/1\/wp-json\/wp\/v2\/posts\/105190\/revisions"}],"predecessor-version":[{"id":105192,"href":"https:\/\/www.caririemacao.com\/1\/wp-json\/wp\/v2\/posts\/105190\/revisions\/105192"}],"wp:featuredmedia":[{"embeddable":true,"href":"https:\/\/www.caririemacao.com\/1\/wp-json\/wp\/v2\/media\/105191"}],"wp:attachment":[{"href":"https:\/\/www.caririemacao.com\/1\/wp-json\/wp\/v2\/media?parent=105190"}],"wp:term":[{"taxonomy":"category","embeddable":true,"href":"https:\/\/www.caririemacao.com\/1\/wp-json\/wp\/v2\/categories?post=105190"},{"taxonomy":"post_tag","embeddable":true,"href":"https:\/\/www.caririemacao.com\/1\/wp-json\/wp\/v2\/tags?post=105190"}],"curies":[{"name":"wp","href":"https:\/\/api.w.org\/{rel}","templated":true}]}}