{"id":105197,"date":"2019-07-17T09:58:28","date_gmt":"2019-07-17T12:58:28","guid":{"rendered":"http:\/\/www.caririemacao.com\/1\/?p=105197"},"modified":"2019-07-17T09:58:28","modified_gmt":"2019-07-17T12:58:28","slug":"em-clima-de-renovacao-bolsonaro-participa-da-cupula-do-mercosul","status":"publish","type":"post","link":"https:\/\/www.caririemacao.com\/1\/2019\/07\/17\/em-clima-de-renovacao-bolsonaro-participa-da-cupula-do-mercosul\/","title":{"rendered":"Em clima de renova\u00e7\u00e3o, Bolsonaro participa da C\u00fapula do Mercosul"},"content":{"rendered":"\n<p>Com propostas de renova\u00e7\u00e3o e abertura para novos acordos de livre com\u00e9rcio com todo o mundo, o presidente Jair Bolsonaro e os demais presidentes dos pa\u00edses que integram o Mercosul e na\u00e7\u00f5es associadas realizam hoje (17), em Santa F\u00e9, Argentina, a 54\u00aa. C\u00fapula de Chefes de Estado do bloco sul-americano, com o objetivo de consolidar os novos rumos da institui\u00e7\u00e3o.<\/p>\n\n\n\n<p>Hoje, durante a c\u00fapula do Mercosul, o presidente argentino Maur\u00edcio Macri passar\u00e1 o posto de presidente pro tempore (cargo rotativo) do Mercosul ao presidente brasileiro Jair Bolsonaro. A presid\u00eancia pro empore do Mercosul \u00e9 cargo exercido durante seis meses por um chefe de Estado de um dos pa\u00edses-membros.<\/p>\n\n\n\n<p>Em sess\u00e3o preparat\u00f3ria para a c\u00fapula de chefes de chefes de estado, os ministros de Rela\u00e7\u00f5es Exteriores do Mercosul e de pa\u00edses convidados reuniram-se ontem (16), na mesma cidade argentina, para dar os \u00faltimos retoques da nova din\u00e2mica do bloco sul-americano. \u201cEstamos fazendo coisas muito ambiciosas\u201d, disse o chanceler Ernesto Ara\u00fajo, em uma refer\u00eancia ao recente acordo fechado com a Uni\u00e3o Europeia e aos acordos previstos para este ano com o EFTA (grupo de pa\u00edses formados por Isl\u00e2ndia, Liechtenstein, Noruega e Su\u00ed\u00e7a) e Canad\u00e1 e no pr\u00f3ximo ano com a Rep\u00fablica da Coreia.<\/p>\n\n\n\n<p>\u201cNossa proposta \u00e9 consolidar esse novo Mercosul. Estamos renovando [o bloco] em grande parte a partir propostas brasileiras\u201d, disse Ara\u00fajo. \u201cE tamb\u00e9m criar avan\u00e7os muito espec\u00edficos que v\u00e3o fazer a diferen\u00e7a na vida de outras pessoas\u201d, acrescentou, ao citar o acordo aprovado ontem que retira a cobran\u00e7a de taxas extras para quem usa o telefone celular pelo sistema roaming em viagens dentro do Mercosul. \u201cIsso faz uma redu\u00e7\u00e3o muito grande de custos, facilita\u00e7\u00e3o de neg\u00f3cios, inclusive, facilita\u00e7\u00e3o para a vida de turistas, todo mundo que viaja para outros pa\u00edses\u201d, disse o chanceler brasileiro. A elimina\u00e7\u00e3o da cobran\u00e7a do roaming no Mercosul&nbsp; depende por\u00e9m da aprova\u00e7\u00e3o do Congresso Nacional de cada pa\u00eds.<\/p>\n\n\n\n<p>Ao falar sobre futuros acordos a serem assinados pelo Mercosul, Ernesto Ara\u00fajo disse que a expectativa do governo brasileiro \u00e9 \u201cconseguir acordos bons para o Brasil&nbsp; e para outros pa\u00edses [do Mercosul] no com\u00e9rcio internacional\u201d.<\/p>\n\n\n\n<p>A c\u00fapula de Chefes de Estado do Mercosul se realizar\u00e1 no Centro de Conven\u00e7\u00f5es Esta\u00e7\u00e3o Belgrano, em Santa F\u00e9. Al\u00e9m dos presidentes Jair Bolsonaro e Maur\u00edcio Macri, tamb\u00e9m estar\u00e3o presentes os presidentes do Uruguai, Tabar\u00e9 V\u00e1zquez, e do Paraguai, Mario Abdo Ben\u00edtez. Presidentes de dois estados associados estar\u00e3o igualmente presentes: do Chile, Sebasti\u00e1n Pi\u00f1era, e da Bol\u00edvia, Evo Morales.<\/p>\n\n\n\n<p><strong>Venezuela<\/strong><\/p>\n\n\n\n<p>O chanceler argentino Jorge Faurie disse ontem (16), ap\u00f3s a reuni\u00e3o dos ministros das Rela\u00e7\u00f5es Exteriores do Mercosul, que a Venezuela poder\u00e1 se reintegrar ao bloco \u201cno momento em que recupere a sua democracia em plenitude\u201d. Ele afirmou, por\u00e9m, que isso levar\u00e1 \u201cum longu\u00edssimo tempo\u201d.<\/p>\n\n\n\n<p><strong>Pa\u00edses do Pac\u00edfico<\/strong><\/p>\n\n\n\n<p>O secret\u00e1rio das Rela\u00e7\u00f5es Econ\u00f4micas da chancelaria argentina, Horacio Reyser, disse que \u00e9 inten\u00e7\u00e3o do Mercosul uma aproxima\u00e7\u00e3o estrat\u00e9gica com a Alian\u00e7a do Pac\u00edfico. A Alian\u00e7a do Pac\u00edfico \u00e9 um bloco comercial latino-americano criado formalmente em 2012, no Chile. Os membros-fundadores foram Chile, Col\u00f4mbia, M\u00e9xico e Peru. A Costa Rica incorporou-se ao grupo em 2013.<\/p>\n\n\n\n<p>\u201cN\u00f3s [argentinos] j\u00e1 temos livre com\u00e9rcio com tr\u00eas dos quatro pa\u00edses da Alian\u00e7a do Pac\u00edfico: Chile, Col\u00f4mbia e Peru\u201d. &nbsp;Segundo ele, est\u00e1 faltando apenas o livre com\u00e9rcio com o M\u00e9xico.<\/p>\n\n\n\n<p>*Com informa\u00e7\u00f5es da ag\u00eancia argentina T\u00e9lam<\/p>\n\n\n\n<figure class=\"wp-block-image\"><a href=\"https:\/\/twitter.com\/tvbrasilgov\"><img decoding=\"async\" data-src=\"https:\/\/pbs.twimg.com\/profile_images\/1118168021296656384\/xURWy6Mr_bigger.png\" alt=\"\" src=\"data:image\/svg+xml;base64,PHN2ZyB3aWR0aD0iMSIgaGVpZ2h0PSIxIiB4bWxucz0iaHR0cDovL3d3dy53My5vcmcvMjAwMC9zdmciPjwvc3ZnPg==\" class=\"lazyload\" \/><\/a><\/figure>\n\n\n\n<p><a href=\"https:\/\/twitter.com\/tvbrasilgov\"><strong>TV BrasilGov<\/strong><strong>&#x2714;<\/strong>@tvbrasilgov<\/a><a href=\"https:\/\/twitter.com\/tvbrasilgov\/status\/1151281555408588800\"><\/a><\/p>\n\n\n\n<figure class=\"wp-block-image\"><img decoding=\"async\" data-src=\"https:\/\/abs.twimg.com\/emoji\/v2\/72x72\/1f1e6-1f1f7.png\" alt=\"&#x1f1e6;&#x1f1f7;\" src=\"data:image\/svg+xml;base64,PHN2ZyB3aWR0aD0iMSIgaGVpZ2h0PSIxIiB4bWxucz0iaHR0cDovL3d3dy53My5vcmcvMjAwMC9zdmciPjwvc3ZnPg==\" class=\"lazyload\" \/><\/figure>\n\n\n\n<p>O ministro <a href=\"https:\/\/twitter.com\/ernestofaraujo\">@ernestofaraujo<\/a>, do <a href=\"https:\/\/twitter.com\/ItamaratyGovBr\">@ItamaratyGovBr<\/a>, participou das primeiras reuni\u00f5es do conselho do <a href=\"https:\/\/twitter.com\/mercosur\">@mercosur<\/a> hoje (16), em Santa F\u00e9, na . Ele fala sobre os encontros e os assuntos em debate. <a href=\"https:\/\/twitter.com\/hashtag\/BrasilnoMercosul?src=hash\">#BrasilnoMercosul<\/a><a href=\"https:\/\/twitter.com\/intent\/like?tweet_id=1151281555408588800\">101<\/a><a href=\"https:\/\/twitter.com\/tvbrasilgov\/status\/1151281555408588800\">21:04 &#8211; 16 de jul de 2019<\/a><a href=\"https:\/\/support.twitter.com\/articles\/20175256\">Informa\u00e7\u00f5es e privacidade no Twitter Ads<\/a><\/p>\n\n\n\n<figure class=\"wp-block-image\"><img decoding=\"async\" src=\"https:\/\/pbs.twimg.com\/ext_tw_video_thumb\/1151280960484384769\/pu\/img\/fiH73r0v-nT9NDeS?format=jpg&amp;name=small\" alt=\"V\u00eddeo incorporado\"\/><\/figure>\n","protected":false},"excerpt":{"rendered":"<p>Com propostas de renova\u00e7\u00e3o e abertura para novos acordos de livre com\u00e9rcio com todo o mundo, o presidente Jair Bolsonaro e os demais presidentes dos&hellip; <\/p>\n","protected":false},"author":1,"featured_media":103130,"comment_status":"closed","ping_status":"closed","sticky":false,"template":"","format":"standard","meta":{"sfsi_plus_gutenberg_text_before_share":"","sfsi_plus_gutenberg_show_text_before_share":"","sfsi_plus_gutenberg_icon_type":"","sfsi_plus_gutenberg_icon_alignemt":"","sfsi_plus_gutenburg_max_per_row":"","footnotes":""},"categories":[11],"tags":[],"class_list":["post-105197","post","type-post","status-publish","format-standard","has-post-thumbnail","hentry","category-politica"],"_links":{"self":[{"href":"https:\/\/www.caririemacao.com\/1\/wp-json\/wp\/v2\/posts\/105197","targetHints":{"allow":["GET"]}}],"collection":[{"href":"https:\/\/www.caririemacao.com\/1\/wp-json\/wp\/v2\/posts"}],"about":[{"href":"https:\/\/www.caririemacao.com\/1\/wp-json\/wp\/v2\/types\/post"}],"author":[{"embeddable":true,"href":"https:\/\/www.caririemacao.com\/1\/wp-json\/wp\/v2\/users\/1"}],"replies":[{"embeddable":true,"href":"https:\/\/www.caririemacao.com\/1\/wp-json\/wp\/v2\/comments?post=105197"}],"version-history":[{"count":1,"href":"https:\/\/www.caririemacao.com\/1\/wp-json\/wp\/v2\/posts\/105197\/revisions"}],"predecessor-version":[{"id":105198,"href":"https:\/\/www.caririemacao.com\/1\/wp-json\/wp\/v2\/posts\/105197\/revisions\/105198"}],"wp:featuredmedia":[{"embeddable":true,"href":"https:\/\/www.caririemacao.com\/1\/wp-json\/wp\/v2\/media\/103130"}],"wp:attachment":[{"href":"https:\/\/www.caririemacao.com\/1\/wp-json\/wp\/v2\/media?parent=105197"}],"wp:term":[{"taxonomy":"category","embeddable":true,"href":"https:\/\/www.caririemacao.com\/1\/wp-json\/wp\/v2\/categories?post=105197"},{"taxonomy":"post_tag","embeddable":true,"href":"https:\/\/www.caririemacao.com\/1\/wp-json\/wp\/v2\/tags?post=105197"}],"curies":[{"name":"wp","href":"https:\/\/api.w.org\/{rel}","templated":true}]}}