{"id":105209,"date":"2019-07-17T14:04:33","date_gmt":"2019-07-17T17:04:33","guid":{"rendered":"http:\/\/www.caririemacao.com\/1\/?p=105209"},"modified":"2019-07-17T14:04:33","modified_gmt":"2019-07-17T17:04:33","slug":"instagram-comeca-nesta-quarta-testes-para-ocultar-numero-de-curtidas-no-brasil","status":"publish","type":"post","link":"https:\/\/www.caririemacao.com\/1\/2019\/07\/17\/instagram-comeca-nesta-quarta-testes-para-ocultar-numero-de-curtidas-no-brasil\/","title":{"rendered":"Instagram come\u00e7a nesta quarta testes para ocultar n\u00famero de curtidas no Brasil"},"content":{"rendered":"\n<p>Instagram inicia nesta quarta-feira (17) no Brasil um teste que oculta a contagem de curtidas em postagens. De acordo com a empresa, a inten\u00e7\u00e3o \u00e9 que &#8220;os seguidores se concentrem mais nas fotos e v\u00eddeos que s\u00e3o compartilhados, do que na quantidade de curtidas que recebem&#8221;.<\/p>\n\n\n\n<p>Na pr\u00e1tica, apenas o propriet\u00e1rio do perfil continuar\u00e1 sabendo quantas curtidas suas publica\u00e7\u00f5es receberam. Seus seguidores n\u00e3o ter\u00e3o mais acesso ao n\u00famero de &#8220;likes&#8221;.<\/p>\n\n\n\n<figure class=\"wp-block-image\"><img decoding=\"async\" data-src=\"https:\/\/www.clickpb.com.br\/media\/filer_public\/a4\/e2\/a4e248b5-ada7-4bb5-90c7-eb2b7127c1de\/instagram.jpg\" alt=\"\" src=\"data:image\/svg+xml;base64,PHN2ZyB3aWR0aD0iMSIgaGVpZ2h0PSIxIiB4bWxucz0iaHR0cDovL3d3dy53My5vcmcvMjAwMC9zdmciPjwvc3ZnPg==\" class=\"lazyload\" \/><\/figure>\n\n\n\n<p>&#8220;N\u00e3o queremos que as pessoas sintam que est\u00e3o em uma competi\u00e7\u00e3o dentro do Instagram e nossa expectativa \u00e9 entender se uma mudan\u00e7a desse tipo poderia ajudar as pessoas a focar menos nas curtidas e mais em contar suas hist\u00f3rias&#8221;, disse a empresa em nota.<\/p>\n\n\n\n<p>O teste foi iniciado no \u00faltimo m\u00eas de maio no Canad\u00e1. Para o Instagram, os primeiros resultados s\u00e3o animadores, mas ainda \u00e9 preciso analisar como a mudan\u00e7a afeta a experi\u00eancia dos usu\u00e1rios do aplicativo.<\/p>\n","protected":false},"excerpt":{"rendered":"<p>Instagram inicia nesta quarta-feira (17) no Brasil um teste que oculta a contagem de curtidas em postagens. De acordo com a empresa, a inten\u00e7\u00e3o \u00e9&hellip; <\/p>\n","protected":false},"author":1,"featured_media":105210,"comment_status":"closed","ping_status":"closed","sticky":false,"template":"","format":"standard","meta":{"sfsi_plus_gutenberg_text_before_share":"","sfsi_plus_gutenberg_show_text_before_share":"","sfsi_plus_gutenberg_icon_type":"","sfsi_plus_gutenberg_icon_alignemt":"","sfsi_plus_gutenburg_max_per_row":"","footnotes":""},"categories":[2],"tags":[],"class_list":["post-105209","post","type-post","status-publish","format-standard","has-post-thumbnail","hentry","category-geral"],"_links":{"self":[{"href":"https:\/\/www.caririemacao.com\/1\/wp-json\/wp\/v2\/posts\/105209","targetHints":{"allow":["GET"]}}],"collection":[{"href":"https:\/\/www.caririemacao.com\/1\/wp-json\/wp\/v2\/posts"}],"about":[{"href":"https:\/\/www.caririemacao.com\/1\/wp-json\/wp\/v2\/types\/post"}],"author":[{"embeddable":true,"href":"https:\/\/www.caririemacao.com\/1\/wp-json\/wp\/v2\/users\/1"}],"replies":[{"embeddable":true,"href":"https:\/\/www.caririemacao.com\/1\/wp-json\/wp\/v2\/comments?post=105209"}],"version-history":[{"count":1,"href":"https:\/\/www.caririemacao.com\/1\/wp-json\/wp\/v2\/posts\/105209\/revisions"}],"predecessor-version":[{"id":105211,"href":"https:\/\/www.caririemacao.com\/1\/wp-json\/wp\/v2\/posts\/105209\/revisions\/105211"}],"wp:featuredmedia":[{"embeddable":true,"href":"https:\/\/www.caririemacao.com\/1\/wp-json\/wp\/v2\/media\/105210"}],"wp:attachment":[{"href":"https:\/\/www.caririemacao.com\/1\/wp-json\/wp\/v2\/media?parent=105209"}],"wp:term":[{"taxonomy":"category","embeddable":true,"href":"https:\/\/www.caririemacao.com\/1\/wp-json\/wp\/v2\/categories?post=105209"},{"taxonomy":"post_tag","embeddable":true,"href":"https:\/\/www.caririemacao.com\/1\/wp-json\/wp\/v2\/tags?post=105209"}],"curies":[{"name":"wp","href":"https:\/\/api.w.org\/{rel}","templated":true}]}}