{"id":105229,"date":"2019-07-17T14:28:47","date_gmt":"2019-07-17T17:28:47","guid":{"rendered":"http:\/\/www.caririemacao.com\/1\/?p=105229"},"modified":"2019-07-17T14:28:47","modified_gmt":"2019-07-17T17:28:47","slug":"provas-de-concurso-da-educacao-da-paraiba-serao-aplicadas-neste-domingo","status":"publish","type":"post","link":"https:\/\/www.caririemacao.com\/1\/2019\/07\/17\/provas-de-concurso-da-educacao-da-paraiba-serao-aplicadas-neste-domingo\/","title":{"rendered":"Provas de concurso da Educa\u00e7\u00e3o da Para\u00edba ser\u00e3o aplicadas neste domingo"},"content":{"rendered":"\n<p>a Para\u00edba, por meio da Secretaria de Estado da Administra\u00e7\u00e3o e da Secretaria de Estado da Educa\u00e7\u00e3o e da Ci\u00eancia e Tecnologia, informa que as provas objetivas do concurso p\u00fablico para \u00e1rea de Educa\u00e7\u00e3o do Governo da Para\u00edba ser\u00e3o realizadas no domingo (21), no per\u00edodo da tarde.<\/p>\n\n\n\n<p>O candidato que ainda n\u00e3o consultou o local das provas ou n\u00e3o imprimiu o \u2018cart\u00e3o de informa\u00e7\u00e3o do candidato\u2019, dever\u00e1 acessar o site da banca organizadora do certame o quanto antes para se certificar sobre as informa\u00e7\u00f5es. O link \u00e9 o&nbsp;<a href=\"http:\/\/www.institutoaocp.org.br\/\" target=\"_blank\" rel=\"noreferrer noopener\">www.institutoaocp.org.br<\/a>.<\/p>\n\n\n\n<div class=\"wp-block-image\"><figure class=\"aligncenter\"><img decoding=\"async\" data-src=\"https:\/\/paraibaonline.com.br\/wp-content\/uploads\/2019\/06\/CONCURSO.jpeg\" alt=\"Foto: Divulga\u00e7\u00e3o\" class=\"wp-image-743081 lazyload\" src=\"data:image\/svg+xml;base64,PHN2ZyB3aWR0aD0iMSIgaGVpZ2h0PSIxIiB4bWxucz0iaHR0cDovL3d3dy53My5vcmcvMjAwMC9zdmciPjwvc3ZnPg==\" \/><\/figure><\/div>\n\n\n\n<p>As provas ser\u00e3o aplicadas nos munic\u00edpios de Cajazeiras, Campina Grande, Catol\u00e9 da Rocha, Cuit\u00e9, Guarabira, Itabaiana, Itaporanga, Jo\u00e3o Pessoa, Mamanguape, Monteiro, Patos, Pombal, Princesa Isabel e Sousa. Ao todo, 43.097 candidatos tiveram as inscri\u00e7\u00f5es homologadas.<\/p>\n\n\n\n<p>O port\u00e3o de acesso ao local de realiza\u00e7\u00e3o da prova objetiva ser\u00e1 aberto \u00e0s 12h15 e fechado \u00e0s 13h. A aplica\u00e7\u00e3o da prova objetiva ter\u00e1 in\u00edcio 15 minutos ap\u00f3s o fechamento do port\u00e3o de acesso, com dura\u00e7\u00e3o de quatro horas, inclu\u00eddo o tempo de marca\u00e7\u00e3o na folha de respostas.<\/p>\n\n\n\n<p>O candidato dever\u00e1 levar caneta esferogr\u00e1fica de tinta azul ou preta fabricada em material transparente, seu documento original oficial de identifica\u00e7\u00e3o com foto e o cart\u00e3o de informa\u00e7\u00e3o do candidato impresso.<\/p>\n\n\n\n<p>Est\u00e3o sendo oferecidas 1.000 (mil) vagas para o cargo efetivo de Professor de Educa\u00e7\u00e3o B\u00e1sica III, da carreira do Magist\u00e9rio Estadual. Desse total, 50 vagas s\u00e3o destinadas \u00e0s pessoas com defici\u00eancia.<\/p>\n\n\n\n<p>Os aprovados ser\u00e3o nomeados logo ap\u00f3s o resultado final do concurso. O sal\u00e1rio oferecido para os que v\u00e3o disputar as vagas \u00e9 de R$ 2.110,12 (dois mil cento e dez reais e doze centavos), com carga hor\u00e1ria de 30 horas semanais. Este \u00e9 o quarto concurso p\u00fablico realizado pelo Governo da Para\u00edba para o cargo de Professor de Educa\u00e7\u00e3o B\u00e1sica III, de 2011 at\u00e9 2019, totalizando 5040 vagas ofertadas.<\/p>\n\n\n\n<p>As vagas ofertadas s\u00e3o para 13 disciplinas: Artes (72), Biologia (150), Educa\u00e7\u00e3o F\u00edsica (68), Filosofia (6), F\u00edsica (47), Geografia (72), Hist\u00f3ria (78). L\u00edngua Espanhola (18), L\u00edngua Inglesa (61), L\u00edngua Portuguesa (195), Matem\u00e1tica (199), Qu\u00edmica (28) e Sociologia (6).<\/p>\n","protected":false},"excerpt":{"rendered":"<p>a Para\u00edba, por meio da Secretaria de Estado da Administra\u00e7\u00e3o e da Secretaria de Estado da Educa\u00e7\u00e3o e da Ci\u00eancia e Tecnologia, informa que as&hellip; <\/p>\n","protected":false},"author":1,"featured_media":7365,"comment_status":"closed","ping_status":"closed","sticky":false,"template":"","format":"standard","meta":{"sfsi_plus_gutenberg_text_before_share":"","sfsi_plus_gutenberg_show_text_before_share":"","sfsi_plus_gutenberg_icon_type":"","sfsi_plus_gutenberg_icon_alignemt":"","sfsi_plus_gutenburg_max_per_row":"","footnotes":""},"categories":[6],"tags":[],"class_list":["post-105229","post","type-post","status-publish","format-standard","has-post-thumbnail","hentry","category-cidades"],"_links":{"self":[{"href":"https:\/\/www.caririemacao.com\/1\/wp-json\/wp\/v2\/posts\/105229","targetHints":{"allow":["GET"]}}],"collection":[{"href":"https:\/\/www.caririemacao.com\/1\/wp-json\/wp\/v2\/posts"}],"about":[{"href":"https:\/\/www.caririemacao.com\/1\/wp-json\/wp\/v2\/types\/post"}],"author":[{"embeddable":true,"href":"https:\/\/www.caririemacao.com\/1\/wp-json\/wp\/v2\/users\/1"}],"replies":[{"embeddable":true,"href":"https:\/\/www.caririemacao.com\/1\/wp-json\/wp\/v2\/comments?post=105229"}],"version-history":[{"count":1,"href":"https:\/\/www.caririemacao.com\/1\/wp-json\/wp\/v2\/posts\/105229\/revisions"}],"predecessor-version":[{"id":105230,"href":"https:\/\/www.caririemacao.com\/1\/wp-json\/wp\/v2\/posts\/105229\/revisions\/105230"}],"wp:featuredmedia":[{"embeddable":true,"href":"https:\/\/www.caririemacao.com\/1\/wp-json\/wp\/v2\/media\/7365"}],"wp:attachment":[{"href":"https:\/\/www.caririemacao.com\/1\/wp-json\/wp\/v2\/media?parent=105229"}],"wp:term":[{"taxonomy":"category","embeddable":true,"href":"https:\/\/www.caririemacao.com\/1\/wp-json\/wp\/v2\/categories?post=105229"},{"taxonomy":"post_tag","embeddable":true,"href":"https:\/\/www.caririemacao.com\/1\/wp-json\/wp\/v2\/tags?post=105229"}],"curies":[{"name":"wp","href":"https:\/\/api.w.org\/{rel}","templated":true}]}}