{"id":105245,"date":"2019-07-17T14:48:34","date_gmt":"2019-07-17T17:48:34","guid":{"rendered":"http:\/\/www.caririemacao.com\/1\/?p=105245"},"modified":"2019-07-17T14:48:34","modified_gmt":"2019-07-17T17:48:34","slug":"atacante-do-botafogorj-sofre-parada-cardiaca-durante-treinamento","status":"publish","type":"post","link":"https:\/\/www.caririemacao.com\/1\/2019\/07\/17\/atacante-do-botafogorj-sofre-parada-cardiaca-durante-treinamento\/","title":{"rendered":"Atacante do Botafogo(RJ) sofre parada card\u00edaca durante treinamento"},"content":{"rendered":"\n<p>O \u00a0atacante\u00a0 Diego Santos Gama Camilo, o Biro Biro, de 24 anos,do Botafogo Futebol e Regatas, rec\u00e9m-contratado pelo clube sofreu uma parada card\u00edaca em campo durante o treino desta ter\u00e7a-feira (16) \u00e0 tarde, no Est\u00e1dio Nilton Santos, o Engenh\u00e3o, zona norte da cidade do Rio de Janeiro. Ele foi internado e seu quadro \u00e9 considerado est\u00e1vel.<\/p>\n\n\n\n<p>O clube informou que o jogador deixou o treino desacordado e amparado pelos companheiros. No vesti\u00e1rio, foi socorrido pelo cl\u00ednico geral, Eduardo Amorim, que o reanimou sem necessidade do uso de desfibrilador. O ponta alvinegro foi levado para a Cl\u00ednica S\u00e3o Vicente, na G\u00e1vea, zona sul do Rio, onde chegou bem e conversando normalmente.<\/p>\n\n\n\n<p>O Botafogo informou, pela rede social do clube, que Biro Biro foi encaminhado ao hospital e est\u00e1 sendo acompanhado pelo m\u00e9dico que cuida dos atletas, Ricardo Bastos, que tamb\u00e9m estava presente e auxiliou no atendimento no Est\u00e1dio Nilton Santos. O quadro do atleta \u00e9 est\u00e1vel e ele ser\u00e1 submetido a uma bateria de exames para detectar o que provocou a parada card\u00edaca. O cardiologista Eduardo Saad est\u00e1 realizando os exames cl\u00ednicos no jogador.<\/p>\n\n\n\n<p>Biro Biro apresentou os primeiros sintomas de problema card\u00edaco, quando atuava pelo Shanghai Shenxin, em 2016, e desmaiou durante um jogo do Campeonato Chin\u00eas.<\/p>\n","protected":false},"excerpt":{"rendered":"<p>O \u00a0atacante\u00a0 Diego Santos Gama Camilo, o Biro Biro, de 24 anos,do Botafogo Futebol e Regatas, rec\u00e9m-contratado pelo clube sofreu uma parada card\u00edaca em campo&hellip; <\/p>\n","protected":false},"author":1,"featured_media":105246,"comment_status":"closed","ping_status":"closed","sticky":false,"template":"","format":"standard","meta":{"sfsi_plus_gutenberg_text_before_share":"","sfsi_plus_gutenberg_show_text_before_share":"","sfsi_plus_gutenberg_icon_type":"","sfsi_plus_gutenberg_icon_alignemt":"","sfsi_plus_gutenburg_max_per_row":"","footnotes":""},"categories":[13],"tags":[],"class_list":["post-105245","post","type-post","status-publish","format-standard","has-post-thumbnail","hentry","category-esportes"],"_links":{"self":[{"href":"https:\/\/www.caririemacao.com\/1\/wp-json\/wp\/v2\/posts\/105245","targetHints":{"allow":["GET"]}}],"collection":[{"href":"https:\/\/www.caririemacao.com\/1\/wp-json\/wp\/v2\/posts"}],"about":[{"href":"https:\/\/www.caririemacao.com\/1\/wp-json\/wp\/v2\/types\/post"}],"author":[{"embeddable":true,"href":"https:\/\/www.caririemacao.com\/1\/wp-json\/wp\/v2\/users\/1"}],"replies":[{"embeddable":true,"href":"https:\/\/www.caririemacao.com\/1\/wp-json\/wp\/v2\/comments?post=105245"}],"version-history":[{"count":1,"href":"https:\/\/www.caririemacao.com\/1\/wp-json\/wp\/v2\/posts\/105245\/revisions"}],"predecessor-version":[{"id":105247,"href":"https:\/\/www.caririemacao.com\/1\/wp-json\/wp\/v2\/posts\/105245\/revisions\/105247"}],"wp:featuredmedia":[{"embeddable":true,"href":"https:\/\/www.caririemacao.com\/1\/wp-json\/wp\/v2\/media\/105246"}],"wp:attachment":[{"href":"https:\/\/www.caririemacao.com\/1\/wp-json\/wp\/v2\/media?parent=105245"}],"wp:term":[{"taxonomy":"category","embeddable":true,"href":"https:\/\/www.caririemacao.com\/1\/wp-json\/wp\/v2\/categories?post=105245"},{"taxonomy":"post_tag","embeddable":true,"href":"https:\/\/www.caririemacao.com\/1\/wp-json\/wp\/v2\/tags?post=105245"}],"curies":[{"name":"wp","href":"https:\/\/api.w.org\/{rel}","templated":true}]}}