{"id":105259,"date":"2019-07-17T16:28:43","date_gmt":"2019-07-17T19:28:43","guid":{"rendered":"http:\/\/www.caririemacao.com\/1\/?p=105259"},"modified":"2019-07-17T16:28:43","modified_gmt":"2019-07-17T19:28:43","slug":"seguranca-da-paraiba-reforca-policiamento-na-divisa-com-estados","status":"publish","type":"post","link":"https:\/\/www.caririemacao.com\/1\/2019\/07\/17\/seguranca-da-paraiba-reforca-policiamento-na-divisa-com-estados\/","title":{"rendered":"Seguran\u00e7a da Para\u00edba refor\u00e7a policiamento na divisa com estados"},"content":{"rendered":"\n<p>&nbsp;Secretaria de Seguran\u00e7a P\u00fablica anunciou o refor\u00e7o do policiamento nas divisas da Para\u00edba com os estados do Rio Grande do Norte, Pernambuco e Cear\u00e1, al\u00e9m da realiza\u00e7\u00e3o de mais opera\u00e7\u00f5es de preven\u00e7\u00e3o e repress\u00e3o qualificadas do Litoral ao Sert\u00e3o do Estado. A determina\u00e7\u00e3o foi feita pelo secret\u00e1rio Jean Nunes, durante reuni\u00e3o realizada nessa ter\u00e7a-feira (16), com o secret\u00e1rio executivo, Lamark Donato, o comandante da Pol\u00edcia Militar, coronel Euller Chaves, o delegado geral de Pol\u00edcia Civil, Isa\u00edas Gualberto, e o comandante do Corpo de Bombeiros Militar, coronel Marcelo Ara\u00fajo, e ainda o secret\u00e1rio da Administra\u00e7\u00e3o Penitenci\u00e1ria, S\u00e9rgio Fonseca, e o executivo, Jo\u00e3o Paulo Barros. As diretrizes fazem parte do trabalho desenvolvido pelas for\u00e7as de Seguran\u00e7a para a continuidade da redu\u00e7\u00e3o de indicadores criminais em territ\u00f3rio paraibano.<\/p>\n\n\n\n<p>Nos primeiros seis meses de 2019, foi verificada uma queda de 22% dos assassinatos, 31% dos crimes contra a vida de mulheres, e 60% dos crimes contra institui\u00e7\u00f5es banc\u00e1rias, sendo menos 78% de explos\u00f5es de banco, conforme dados do N\u00facleo de An\u00e1lise Criminal e Estat\u00edstica (Nace). De acordo com Jean Nunes, na segunda semana de julho foram intensificadas as apreens\u00f5es de armas e muni\u00e7\u00f5es e, na segunda-feira (15), houve a desarticula\u00e7\u00e3o de um grupo criminoso suspeito de ataques a institui\u00e7\u00f5es financeiras, no Sert\u00e3o.<\/p>\n\n\n\n<p>Ainda no primeiro semestre de 2019, as duas maiores cidades da Para\u00edba tiveram queda nos registros de crimes contra o patrim\u00f4nio de janeiro a junho deste ano. Na Capital, foram 36% a menos de registros e em Campina Grande a redu\u00e7\u00e3o foi de 26%. Um total de 1.326 ve\u00edculos roubados ou furtados foram devolvidos aos seus propriet\u00e1rios e 9,4 mil pris\u00f5es efetuadas na Para\u00edba, sendo 1.709 consideradas de interesse estrat\u00e9gico.Em rela\u00e7\u00e3o \u00e0s opera\u00e7\u00f5es, foram realizadas 2.624 a\u00e7\u00f5es de seguran\u00e7a e interesse estrat\u00e9gico.<\/p>\n","protected":false},"excerpt":{"rendered":"<p>&nbsp;Secretaria de Seguran\u00e7a P\u00fablica anunciou o refor\u00e7o do policiamento nas divisas da Para\u00edba com os estados do Rio Grande do Norte, Pernambuco e Cear\u00e1, al\u00e9m&hellip; <\/p>\n","protected":false},"author":1,"featured_media":105260,"comment_status":"closed","ping_status":"closed","sticky":false,"template":"","format":"standard","meta":{"sfsi_plus_gutenberg_text_before_share":"","sfsi_plus_gutenberg_show_text_before_share":"","sfsi_plus_gutenberg_icon_type":"","sfsi_plus_gutenberg_icon_alignemt":"","sfsi_plus_gutenburg_max_per_row":"","footnotes":""},"categories":[12],"tags":[],"class_list":["post-105259","post","type-post","status-publish","format-standard","has-post-thumbnail","hentry","category-policia"],"_links":{"self":[{"href":"https:\/\/www.caririemacao.com\/1\/wp-json\/wp\/v2\/posts\/105259","targetHints":{"allow":["GET"]}}],"collection":[{"href":"https:\/\/www.caririemacao.com\/1\/wp-json\/wp\/v2\/posts"}],"about":[{"href":"https:\/\/www.caririemacao.com\/1\/wp-json\/wp\/v2\/types\/post"}],"author":[{"embeddable":true,"href":"https:\/\/www.caririemacao.com\/1\/wp-json\/wp\/v2\/users\/1"}],"replies":[{"embeddable":true,"href":"https:\/\/www.caririemacao.com\/1\/wp-json\/wp\/v2\/comments?post=105259"}],"version-history":[{"count":1,"href":"https:\/\/www.caririemacao.com\/1\/wp-json\/wp\/v2\/posts\/105259\/revisions"}],"predecessor-version":[{"id":105261,"href":"https:\/\/www.caririemacao.com\/1\/wp-json\/wp\/v2\/posts\/105259\/revisions\/105261"}],"wp:featuredmedia":[{"embeddable":true,"href":"https:\/\/www.caririemacao.com\/1\/wp-json\/wp\/v2\/media\/105260"}],"wp:attachment":[{"href":"https:\/\/www.caririemacao.com\/1\/wp-json\/wp\/v2\/media?parent=105259"}],"wp:term":[{"taxonomy":"category","embeddable":true,"href":"https:\/\/www.caririemacao.com\/1\/wp-json\/wp\/v2\/categories?post=105259"},{"taxonomy":"post_tag","embeddable":true,"href":"https:\/\/www.caririemacao.com\/1\/wp-json\/wp\/v2\/tags?post=105259"}],"curies":[{"name":"wp","href":"https:\/\/api.w.org\/{rel}","templated":true}]}}