{"id":105285,"date":"2019-07-17T17:15:18","date_gmt":"2019-07-17T20:15:18","guid":{"rendered":"http:\/\/www.caririemacao.com\/1\/?p=105285"},"modified":"2019-07-17T17:15:18","modified_gmt":"2019-07-17T20:15:18","slug":"bolsonaro-diz-que-vai-trabalhar-pela-modernizacao-do-mercosul","status":"publish","type":"post","link":"https:\/\/www.caririemacao.com\/1\/2019\/07\/17\/bolsonaro-diz-que-vai-trabalhar-pela-modernizacao-do-mercosul\/","title":{"rendered":"Bolsonaro diz que vai trabalhar pela moderniza\u00e7\u00e3o do Mercosul"},"content":{"rendered":"\n<p>Ao discursar na sess\u00e3o plen\u00e1ria da 54\u00aa C\u00fapula de Chefes de Estado do Mercosul, em Santa F\u00e9, na Argentina, o presidente Jair Bolsonaro disse que vai trabalhar para acelerar a moderniza\u00e7\u00e3o do bloco sul-americano.&nbsp;<\/p>\n\n\n\n<p>Durante o encontro, o Brasil vai assumir a presid\u00eancia pro tempore (rotativa) do grupo pelos pr\u00f3ximos seis meses.<\/p>\n\n\n\n<p>\u201cQuero aproveitar a ocasi\u00e3o para firmar o compromisso do meu governo com a moderniza\u00e7\u00e3o e a abertura do nosso bloco, fazendo dele um instrumento de com\u00e9rcio com o mundo, sem o vi\u00e9s ideol\u00f3gico que tanto critiquei enquanto parlamentar. Vencemos essa barreira, e a conclus\u00e3o do acordo de livre com\u00e9rcio com a Uni\u00e3o Europeia \u00e9 resultado concreto dessa nova orienta\u00e7\u00e3o\u201d, disse.<\/p>\n\n\n\n<p>Ap\u00f3s o acordo com a Uni\u00e3o Europeia, Bolsonaro disse que o bloco planeja concluir as negocia\u00e7\u00f5es com a Associa\u00e7\u00e3o Europeia de Livre Com\u00e9rcio e avan\u00e7ar nas conversas com o Canad\u00e1, a Singapura e a Coreia.<\/p>\n\n\n\n<p>O presidente destacou o acordo assinado hoje (17) que elimina a cobran\u00e7a de roaming internacional de servi\u00e7os de telecomunica\u00e7\u00f5es entre pessoas que residem nos pa\u00edses-membros do bloco. \u201cTemos a\u00ed um exemplo da diferen\u00e7a para melhor que o Mercosul pode fazer no cotidiano do cidad\u00e3o, eliminando dificuldades e burocracias.\u201d<\/p>\n\n\n\n<p>Bolsonaro tamb\u00e9m disse que o Brasil vai continuar o trabalho da presid\u00eancia pro tempore argentina de revis\u00e3o da tarifa externa comum (TEC) para a moderniza\u00e7\u00e3o da pol\u00edtica comercial do Mercosul e de reforma institucional do bloco com enxugamento do n\u00famero de \u00f3rg\u00e3os. \u201cPara que sigamos colhendo frutos, precisamos trabalhar por um Mercosul enxuto e din\u00e2mico\u201d, defendeu.<\/p>\n\n\n\n<p>O presidente tamb\u00e9m afirmou que, \u00e0 frente da presid\u00eancia rotativa do grupo, vai focar nas negocia\u00e7\u00f5es externas. \u201cCompartilhamos a vis\u00e3o de que para cumprir seu papel de motor do desenvolvimento o nosso bloco deve se concentrar em tr\u00eas \u00e1reas: as negocia\u00e7\u00f5es externas \u2013 a\u00ed com grande apoio do meu ministro das Rela\u00e7\u00f5es Exteriores, no zelo das indica\u00e7\u00f5es das embaixadas tamb\u00e9m sem o vi\u00e9s ideol\u00f3gico do passado. E quem sabe um grande embaixador nos Estados Unidos brevemente. Ent\u00e3o, focamos nisso, na nossa tarifa externa comum e em nossa reforma institucional.\u201d<\/p>\n","protected":false},"excerpt":{"rendered":"<p>Ao discursar na sess\u00e3o plen\u00e1ria da 54\u00aa C\u00fapula de Chefes de Estado do Mercosul, em Santa F\u00e9, na Argentina, o presidente Jair Bolsonaro disse que&hellip; <\/p>\n","protected":false},"author":1,"featured_media":105286,"comment_status":"closed","ping_status":"closed","sticky":false,"template":"","format":"standard","meta":{"sfsi_plus_gutenberg_text_before_share":"","sfsi_plus_gutenberg_show_text_before_share":"","sfsi_plus_gutenberg_icon_type":"","sfsi_plus_gutenberg_icon_alignemt":"","sfsi_plus_gutenburg_max_per_row":"","footnotes":""},"categories":[11],"tags":[],"class_list":["post-105285","post","type-post","status-publish","format-standard","has-post-thumbnail","hentry","category-politica"],"_links":{"self":[{"href":"https:\/\/www.caririemacao.com\/1\/wp-json\/wp\/v2\/posts\/105285","targetHints":{"allow":["GET"]}}],"collection":[{"href":"https:\/\/www.caririemacao.com\/1\/wp-json\/wp\/v2\/posts"}],"about":[{"href":"https:\/\/www.caririemacao.com\/1\/wp-json\/wp\/v2\/types\/post"}],"author":[{"embeddable":true,"href":"https:\/\/www.caririemacao.com\/1\/wp-json\/wp\/v2\/users\/1"}],"replies":[{"embeddable":true,"href":"https:\/\/www.caririemacao.com\/1\/wp-json\/wp\/v2\/comments?post=105285"}],"version-history":[{"count":1,"href":"https:\/\/www.caririemacao.com\/1\/wp-json\/wp\/v2\/posts\/105285\/revisions"}],"predecessor-version":[{"id":105287,"href":"https:\/\/www.caririemacao.com\/1\/wp-json\/wp\/v2\/posts\/105285\/revisions\/105287"}],"wp:featuredmedia":[{"embeddable":true,"href":"https:\/\/www.caririemacao.com\/1\/wp-json\/wp\/v2\/media\/105286"}],"wp:attachment":[{"href":"https:\/\/www.caririemacao.com\/1\/wp-json\/wp\/v2\/media?parent=105285"}],"wp:term":[{"taxonomy":"category","embeddable":true,"href":"https:\/\/www.caririemacao.com\/1\/wp-json\/wp\/v2\/categories?post=105285"},{"taxonomy":"post_tag","embeddable":true,"href":"https:\/\/www.caririemacao.com\/1\/wp-json\/wp\/v2\/tags?post=105285"}],"curies":[{"name":"wp","href":"https:\/\/api.w.org\/{rel}","templated":true}]}}