{"id":105301,"date":"2019-07-18T07:42:39","date_gmt":"2019-07-18T10:42:39","guid":{"rendered":"http:\/\/www.caririemacao.com\/1\/?p=105301"},"modified":"2019-07-18T07:42:39","modified_gmt":"2019-07-18T10:42:39","slug":"apos-cirurgia-lucelio-cartaxo-da-sinais-de-recuperacao-e-tera-alta-em-breve-diz-familia","status":"publish","type":"post","link":"https:\/\/www.caririemacao.com\/1\/2019\/07\/18\/apos-cirurgia-lucelio-cartaxo-da-sinais-de-recuperacao-e-tera-alta-em-breve-diz-familia\/","title":{"rendered":"Ap\u00f3s cirurgia, Luc\u00e9lio Cartaxo d\u00e1 sinais de recupera\u00e7\u00e3o e ter\u00e1 alta em breve, diz fam\u00edlia"},"content":{"rendered":"\n<p>O prefeito de Jo\u00e3o Pessoa, Luciano Cartaxo, divulgou na noite desta quarta-feira (17) em comunicado que o chefe de gabinete da Prefeitura de Jo\u00e3o Pessoa, Luc\u00e9lio Cartaxo, est\u00e1 se recuperando da cirurgia de colecistectomia realizada no Hospital S\u00edrio-Liban\u00eas, em S\u00e3o Paulo.&nbsp;<\/p>\n\n\n\n<p>De acordo com o comunicado, Luc\u00e9lio est\u00e1 se recuperando bem e deve receber alta em breve.<\/p>\n\n\n\n<p>O procedimento consiste na retirada da ves\u00edcula que, no caso do irm\u00e3o do prefeito Luciano Cartaxo, estava inflamada.<\/p>\n\n\n\n<p>Confira o comunicado abaixo:<\/p>\n\n\n\n<p><em>\u00c9 com alegria, e profundamente agradecido a Deus, que informamos a todos que, ap\u00f3s v\u00e1rios exames e novos procedimentos m\u00e9dicos, as not\u00edcias aqui em S\u00e3o Paulo s\u00e3o muito boas: Luc\u00e9lio est\u00e1 se recuperando muito bem, se movimentando e interagindo normalmente, o que nos faz acreditar que ter\u00e1 alta em breve.&nbsp;<\/em><em>Aproveitamos para renovar agradecimentos aos m\u00e9dicos e suas equipes e a todos pela solidariedade e ora\u00e7\u00f5es.<\/em><\/p>\n","protected":false},"excerpt":{"rendered":"<p>O prefeito de Jo\u00e3o Pessoa, Luciano Cartaxo, divulgou na noite desta quarta-feira (17) em comunicado que o chefe de gabinete da Prefeitura de Jo\u00e3o Pessoa,&hellip; <\/p>\n","protected":false},"author":1,"featured_media":105302,"comment_status":"closed","ping_status":"closed","sticky":false,"template":"","format":"standard","meta":{"sfsi_plus_gutenberg_text_before_share":"","sfsi_plus_gutenberg_show_text_before_share":"","sfsi_plus_gutenberg_icon_type":"","sfsi_plus_gutenberg_icon_alignemt":"","sfsi_plus_gutenburg_max_per_row":"","footnotes":""},"categories":[50,11],"tags":[],"class_list":["post-105301","post","type-post","status-publish","format-standard","has-post-thumbnail","hentry","category-destaque","category-politica"],"_links":{"self":[{"href":"https:\/\/www.caririemacao.com\/1\/wp-json\/wp\/v2\/posts\/105301","targetHints":{"allow":["GET"]}}],"collection":[{"href":"https:\/\/www.caririemacao.com\/1\/wp-json\/wp\/v2\/posts"}],"about":[{"href":"https:\/\/www.caririemacao.com\/1\/wp-json\/wp\/v2\/types\/post"}],"author":[{"embeddable":true,"href":"https:\/\/www.caririemacao.com\/1\/wp-json\/wp\/v2\/users\/1"}],"replies":[{"embeddable":true,"href":"https:\/\/www.caririemacao.com\/1\/wp-json\/wp\/v2\/comments?post=105301"}],"version-history":[{"count":1,"href":"https:\/\/www.caririemacao.com\/1\/wp-json\/wp\/v2\/posts\/105301\/revisions"}],"predecessor-version":[{"id":105304,"href":"https:\/\/www.caririemacao.com\/1\/wp-json\/wp\/v2\/posts\/105301\/revisions\/105304"}],"wp:featuredmedia":[{"embeddable":true,"href":"https:\/\/www.caririemacao.com\/1\/wp-json\/wp\/v2\/media\/105302"}],"wp:attachment":[{"href":"https:\/\/www.caririemacao.com\/1\/wp-json\/wp\/v2\/media?parent=105301"}],"wp:term":[{"taxonomy":"category","embeddable":true,"href":"https:\/\/www.caririemacao.com\/1\/wp-json\/wp\/v2\/categories?post=105301"},{"taxonomy":"post_tag","embeddable":true,"href":"https:\/\/www.caririemacao.com\/1\/wp-json\/wp\/v2\/tags?post=105301"}],"curies":[{"name":"wp","href":"https:\/\/api.w.org\/{rel}","templated":true}]}}