{"id":105355,"date":"2019-07-18T08:17:34","date_gmt":"2019-07-18T11:17:34","guid":{"rendered":"http:\/\/www.caririemacao.com\/1\/?p=105355"},"modified":"2019-07-18T08:17:34","modified_gmt":"2019-07-18T11:17:34","slug":"previsao-do-tempo-para-esta-quinta-feira-em-toda-paraiba-14","status":"publish","type":"post","link":"https:\/\/www.caririemacao.com\/1\/2019\/07\/18\/previsao-do-tempo-para-esta-quinta-feira-em-toda-paraiba-14\/","title":{"rendered":"Previs\u00e3o do tempo para esta quinta-feira em toda Para\u00edba"},"content":{"rendered":"\n<p>O tempo permanece com reduzida nebulosidade em praticamente todo estado da Para\u00edba. No entanto, os ventos \u00famidos que sopram do oceano Atl\u00e2ntico em dire\u00e7\u00e3o \u00e0 costa leste nordestina poder\u00e3o favorecer \u00e0 ocorr\u00eancia de chuvas passageiras e pontuais na faixa litor\u00e2nea.<\/p>\n\n\n\n<div class=\"wp-block-image\"><figure class=\"aligncenter\"><img decoding=\"async\" data-src=\"https:\/\/paraibaonline.com.br\/wp-content\/uploads\/2019\/07\/tempo1807.jpg\" alt=\"\" class=\"wp-image-752235 lazyload\" src=\"data:image\/svg+xml;base64,PHN2ZyB3aWR0aD0iMSIgaGVpZ2h0PSIxIiB4bWxucz0iaHR0cDovL3d3dy53My5vcmcvMjAwMC9zdmciPjwvc3ZnPg==\" \/><\/figure><\/div>\n","protected":false},"excerpt":{"rendered":"<p>O tempo permanece com reduzida nebulosidade em praticamente todo estado da Para\u00edba. No entanto, os ventos \u00famidos que sopram do oceano Atl\u00e2ntico em dire\u00e7\u00e3o \u00e0&hellip; <\/p>\n","protected":false},"author":1,"featured_media":105356,"comment_status":"closed","ping_status":"closed","sticky":false,"template":"","format":"standard","meta":{"sfsi_plus_gutenberg_text_before_share":"","sfsi_plus_gutenberg_show_text_before_share":"","sfsi_plus_gutenberg_icon_type":"","sfsi_plus_gutenberg_icon_alignemt":"","sfsi_plus_gutenburg_max_per_row":"","footnotes":""},"categories":[6],"tags":[],"class_list":["post-105355","post","type-post","status-publish","format-standard","has-post-thumbnail","hentry","category-cidades"],"_links":{"self":[{"href":"https:\/\/www.caririemacao.com\/1\/wp-json\/wp\/v2\/posts\/105355","targetHints":{"allow":["GET"]}}],"collection":[{"href":"https:\/\/www.caririemacao.com\/1\/wp-json\/wp\/v2\/posts"}],"about":[{"href":"https:\/\/www.caririemacao.com\/1\/wp-json\/wp\/v2\/types\/post"}],"author":[{"embeddable":true,"href":"https:\/\/www.caririemacao.com\/1\/wp-json\/wp\/v2\/users\/1"}],"replies":[{"embeddable":true,"href":"https:\/\/www.caririemacao.com\/1\/wp-json\/wp\/v2\/comments?post=105355"}],"version-history":[{"count":1,"href":"https:\/\/www.caririemacao.com\/1\/wp-json\/wp\/v2\/posts\/105355\/revisions"}],"predecessor-version":[{"id":105357,"href":"https:\/\/www.caririemacao.com\/1\/wp-json\/wp\/v2\/posts\/105355\/revisions\/105357"}],"wp:featuredmedia":[{"embeddable":true,"href":"https:\/\/www.caririemacao.com\/1\/wp-json\/wp\/v2\/media\/105356"}],"wp:attachment":[{"href":"https:\/\/www.caririemacao.com\/1\/wp-json\/wp\/v2\/media?parent=105355"}],"wp:term":[{"taxonomy":"category","embeddable":true,"href":"https:\/\/www.caririemacao.com\/1\/wp-json\/wp\/v2\/categories?post=105355"},{"taxonomy":"post_tag","embeddable":true,"href":"https:\/\/www.caririemacao.com\/1\/wp-json\/wp\/v2\/tags?post=105355"}],"curies":[{"name":"wp","href":"https:\/\/api.w.org\/{rel}","templated":true}]}}