{"id":105372,"date":"2019-07-18T14:29:16","date_gmt":"2019-07-18T17:29:16","guid":{"rendered":"http:\/\/www.caririemacao.com\/1\/?p=105372"},"modified":"2019-07-18T15:30:08","modified_gmt":"2019-07-18T18:30:08","slug":"bolsonaro-analisa-duas-opcoes-para-liberacao-de-saques-do-fgts","status":"publish","type":"post","link":"https:\/\/www.caririemacao.com\/1\/2019\/07\/18\/bolsonaro-analisa-duas-opcoes-para-liberacao-de-saques-do-fgts\/","title":{"rendered":"Bolsonaro analisa duas op\u00e7\u00f5es para libera\u00e7\u00e3o de saques do FGTS"},"content":{"rendered":"\n<p>O &nbsp;an\u00fancio da libera\u00e7\u00e3o do saque do Fundo de Garantia do Tempo de Servi\u00e7o (FGTS) depende de uma decis\u00e3o do presidente Jair Bolsonaro. Ele e a equipe econ\u00f4mica precisam bater o martelo se ser\u00e3o abertas para movimenta\u00e7\u00e3o apenas as contas ativas \u2014 vinculadas a contratos de trabalho vigentes \u2014 ou tamb\u00e9m as contas inativas.<\/p>\n\n\n\n<p>Em 2017, o governo de Michel Temer liberou o saque total das contas inativas. Segundo a Caixa Econ\u00f4mica Federal, 44 bilh\u00f5es de reais foram retirados do fundo na ocasi\u00e3o. Agora, caso as contas inativas sejam inclu\u00eddas na mudan\u00e7a, o governo deve autorizar o saque de um percentual do dinheiro, semelhante ao que ser\u00e1 anunciado para as contas ativas. A ideia \u00e9 n\u00e3o desfalcar o fundo, que \u00e9 usado para financiar infraestrutura e habita\u00e7\u00e3o.<\/p>\n\n\n\n<p>Na quarta-feira, o ministro da Economia, Paulo Guedes, disse que devem ser liberadas para movimenta\u00e7\u00e3o at\u00e9 35% do saldo das contas. Os saques seriam feitos no m\u00eas de anivers\u00e1rio dos trabalhadores que t\u00eam recursos para tirar.<\/p>\n\n\n\n<p>Caso a pend\u00eancia seja resolvida ainda hoje, o an\u00fancio da libera\u00e7\u00e3o do FGTS deve ser feito em um evento que marca a comemora\u00e7\u00e3o dos 200 dias do governo Jair Bolsonaro. A solenidade est\u00e1 marcada para \u00e0s 16h.<\/p>\n\n\n\n<p>Al\u00e9m da expectativa sobre o FGTS, o governo deve anunciar outras medidas. No pacote das libera\u00e7\u00f5es, est\u00e3o as cotas do PIS\/Pasep, que deve ficar na casa dos 21 bilh\u00f5es de reais.<\/p>\n\n\n\n<p>Bolsonaro tamb\u00e9m deve revogar decretos administrativos assinados em governos anteriores que n\u00e3o t\u00eam mais efeito pr\u00e1tico ou que podem ter mecanismos simplificados, focando a desburocratiza\u00e7\u00e3o. Seria, na pr\u00e1tica, uma segunda parte do \u201crevoga\u00e7o\u201d, feita na solenidade dos 100 dias do governo, onde revogou 250 documentos. Na ocasi\u00e3o, o ministro da Casa Civil, Onyx Lorenzoni, disse que a cada 100 dias o governo deveria revogar mais um pacote de medidas obsoletas, chegando a 2022 com 5.000 decretos a menos.<\/p>\n\n\n\n<p>Entre os an\u00fancios no evento, h\u00e1 a possibilidade de outras medidas econ\u00f4micas, como a facilita\u00e7\u00e3o para abertura e fechamento de empresas. O governo tentou passar a medida via Congresso, com a Medida Provis\u00f3ria 786.<\/p>\n","protected":false},"excerpt":{"rendered":"<p>O &nbsp;an\u00fancio da libera\u00e7\u00e3o do saque do Fundo de Garantia do Tempo de Servi\u00e7o (FGTS) depende de uma decis\u00e3o do presidente Jair Bolsonaro. Ele e&hellip; <\/p>\n","protected":false},"author":1,"featured_media":105316,"comment_status":"closed","ping_status":"closed","sticky":false,"template":"","format":"standard","meta":{"sfsi_plus_gutenberg_text_before_share":"","sfsi_plus_gutenberg_show_text_before_share":"","sfsi_plus_gutenberg_icon_type":"","sfsi_plus_gutenberg_icon_alignemt":"","sfsi_plus_gutenburg_max_per_row":"","footnotes":""},"categories":[11],"tags":[],"class_list":["post-105372","post","type-post","status-publish","format-standard","has-post-thumbnail","hentry","category-politica"],"_links":{"self":[{"href":"https:\/\/www.caririemacao.com\/1\/wp-json\/wp\/v2\/posts\/105372","targetHints":{"allow":["GET"]}}],"collection":[{"href":"https:\/\/www.caririemacao.com\/1\/wp-json\/wp\/v2\/posts"}],"about":[{"href":"https:\/\/www.caririemacao.com\/1\/wp-json\/wp\/v2\/types\/post"}],"author":[{"embeddable":true,"href":"https:\/\/www.caririemacao.com\/1\/wp-json\/wp\/v2\/users\/1"}],"replies":[{"embeddable":true,"href":"https:\/\/www.caririemacao.com\/1\/wp-json\/wp\/v2\/comments?post=105372"}],"version-history":[{"count":2,"href":"https:\/\/www.caririemacao.com\/1\/wp-json\/wp\/v2\/posts\/105372\/revisions"}],"predecessor-version":[{"id":105397,"href":"https:\/\/www.caririemacao.com\/1\/wp-json\/wp\/v2\/posts\/105372\/revisions\/105397"}],"wp:featuredmedia":[{"embeddable":true,"href":"https:\/\/www.caririemacao.com\/1\/wp-json\/wp\/v2\/media\/105316"}],"wp:attachment":[{"href":"https:\/\/www.caririemacao.com\/1\/wp-json\/wp\/v2\/media?parent=105372"}],"wp:term":[{"taxonomy":"category","embeddable":true,"href":"https:\/\/www.caririemacao.com\/1\/wp-json\/wp\/v2\/categories?post=105372"},{"taxonomy":"post_tag","embeddable":true,"href":"https:\/\/www.caririemacao.com\/1\/wp-json\/wp\/v2\/tags?post=105372"}],"curies":[{"name":"wp","href":"https:\/\/api.w.org\/{rel}","templated":true}]}}