{"id":105380,"date":"2019-07-18T15:06:52","date_gmt":"2019-07-18T18:06:52","guid":{"rendered":"http:\/\/www.caririemacao.com\/1\/?p=105380"},"modified":"2019-07-18T15:06:52","modified_gmt":"2019-07-18T18:06:52","slug":"apos-mudancas-economia-com-reforma-da-previdencia-cai-para-r-9335-bilhoes","status":"publish","type":"post","link":"https:\/\/www.caririemacao.com\/1\/2019\/07\/18\/apos-mudancas-economia-com-reforma-da-previdencia-cai-para-r-9335-bilhoes\/","title":{"rendered":"Ap\u00f3s mudan\u00e7as, economia com reforma da Previd\u00eancia cai para R$ 933,5 bilh\u00f5es"},"content":{"rendered":"\n<p>Aprovada pela C\u00e2mara na semana passada, a proposta de reforma da Previd\u00eancia representa uma economia de R$ 933,5 bilh\u00f5es em dez anos, informou nesta quinta-feira (18) o governo.<\/p>\n\n\n\n<p>Essa estimativa considera uma redu\u00e7\u00e3o de R$ 914,3 bilh\u00f5es em despesas previdenci\u00e1rias e um aumento de R$ 19,2 bilh\u00f5es em receitas com a alta de al\u00edquota de CSLL (contribui\u00e7\u00e3o social sobre lucro l\u00edquido) para bancos.<\/p>\n\n\n\n<p>Mais cedo, o secret\u00e1rio especial de Previd\u00eancia e Trabalho, Rog\u00e9rio Marinho, disse que a economia ficaria acima de R$ 800 bilh\u00f5es. Os dois n\u00fameros ficam abaixo da vers\u00e3o original da reforma, enviada pelo presidente Jair Bolsonaro em fevereiro. Ela previa um corte de R$ 1,236 trilh\u00e3o em uma d\u00e9cada &#8211; e n\u00e3o inclu\u00eda eleva\u00e7\u00e3o de tributos para institui\u00e7\u00f5es financeiras.<\/p>\n\n\n\n<p>Mudan\u00e7as feitas no texto pela C\u00e2mara explicam a redu\u00e7\u00e3o no impacto com a medida. Para aprovar a proposta, o governo teve que recuar em alguns pontos, como regras de aposentadoria para homens e mulheres da iniciativa privada, policiais federais, professores, al\u00e9m de poupar trabalhadores rurais.<\/p>\n\n\n\n<p>Por ser uma altera\u00e7\u00e3o no texto da Constitui\u00e7\u00e3o, a reforma ainda precisa ser aprovada em um segundo turno na C\u00e2mara. Depois disso, segue para o Senado, onde tamb\u00e9m ser\u00e1 votado em dois turnos.<\/p>\n\n\n\n<p>Quando a C\u00e2mara concluiu, na semana passada, o primeiro turno da an\u00e1lise da reforma, o governo chegou a prever que a economia com a proposta ficaria pr\u00f3xima de R$ 900 bilh\u00f5es.<\/p>\n\n\n\n<p>&#8220;\u00c9 a maior altera\u00e7\u00e3o feita no sistema previdenci\u00e1rio brasileiro&#8221;, disse o secret\u00e1rio especial de Previd\u00eancia e Trabalho do Minist\u00e9rio da Economia, Rog\u00e9rio Marinho.<br>Ele disse que o impacto estimado para a reforma da Previd\u00eancia \u00e9 mais duas vezes superior ao que se esperava para a proposta de reestrutura\u00e7\u00e3o do ex-presidente Michel Temer, que falhou ao tentar aprovar a medida no Congresso.<\/p>\n","protected":false},"excerpt":{"rendered":"<p>Aprovada pela C\u00e2mara na semana passada, a proposta de reforma da Previd\u00eancia representa uma economia de R$ 933,5 bilh\u00f5es em dez anos, informou nesta quinta-feira&hellip; <\/p>\n","protected":false},"author":1,"featured_media":105373,"comment_status":"closed","ping_status":"closed","sticky":false,"template":"","format":"standard","meta":{"sfsi_plus_gutenberg_text_before_share":"","sfsi_plus_gutenberg_show_text_before_share":"","sfsi_plus_gutenberg_icon_type":"","sfsi_plus_gutenberg_icon_alignemt":"","sfsi_plus_gutenburg_max_per_row":"","footnotes":""},"categories":[11],"tags":[],"class_list":["post-105380","post","type-post","status-publish","format-standard","has-post-thumbnail","hentry","category-politica"],"_links":{"self":[{"href":"https:\/\/www.caririemacao.com\/1\/wp-json\/wp\/v2\/posts\/105380","targetHints":{"allow":["GET"]}}],"collection":[{"href":"https:\/\/www.caririemacao.com\/1\/wp-json\/wp\/v2\/posts"}],"about":[{"href":"https:\/\/www.caririemacao.com\/1\/wp-json\/wp\/v2\/types\/post"}],"author":[{"embeddable":true,"href":"https:\/\/www.caririemacao.com\/1\/wp-json\/wp\/v2\/users\/1"}],"replies":[{"embeddable":true,"href":"https:\/\/www.caririemacao.com\/1\/wp-json\/wp\/v2\/comments?post=105380"}],"version-history":[{"count":1,"href":"https:\/\/www.caririemacao.com\/1\/wp-json\/wp\/v2\/posts\/105380\/revisions"}],"predecessor-version":[{"id":105381,"href":"https:\/\/www.caririemacao.com\/1\/wp-json\/wp\/v2\/posts\/105380\/revisions\/105381"}],"wp:featuredmedia":[{"embeddable":true,"href":"https:\/\/www.caririemacao.com\/1\/wp-json\/wp\/v2\/media\/105373"}],"wp:attachment":[{"href":"https:\/\/www.caririemacao.com\/1\/wp-json\/wp\/v2\/media?parent=105380"}],"wp:term":[{"taxonomy":"category","embeddable":true,"href":"https:\/\/www.caririemacao.com\/1\/wp-json\/wp\/v2\/categories?post=105380"},{"taxonomy":"post_tag","embeddable":true,"href":"https:\/\/www.caririemacao.com\/1\/wp-json\/wp\/v2\/tags?post=105380"}],"curies":[{"name":"wp","href":"https:\/\/api.w.org\/{rel}","templated":true}]}}