{"id":105399,"date":"2019-07-18T15:36:46","date_gmt":"2019-07-18T18:36:46","guid":{"rendered":"http:\/\/www.caririemacao.com\/1\/?p=105399"},"modified":"2019-07-18T15:36:46","modified_gmt":"2019-07-18T18:36:46","slug":"igp-m-acumula-inflacao-de-653-em-12-meses-diz-fgv","status":"publish","type":"post","link":"https:\/\/www.caririemacao.com\/1\/2019\/07\/18\/igp-m-acumula-inflacao-de-653-em-12-meses-diz-fgv\/","title":{"rendered":"IGP-M acumula infla\u00e7\u00e3o de 6,53% em 12 meses, diz FGV"},"content":{"rendered":"\n<p>O \u00cdndice Geral de Pre\u00e7os &#8211; Mercado (IGP-M), usado no reajuste dos contratos de aluguel, registrou infla\u00e7\u00e3o de 0,53% na segunda pr\u00e9via de julho deste ano. A taxa \u00e9 inferior \u00e0 observada na segunda pr\u00e9via de julho (0,75%). Segundo a Funda\u00e7\u00e3o Getulio Vargas (FGV), o IGP-M acumula infla\u00e7\u00e3o de 6,53% em 12 meses.<\/p>\n\n\n\n<p>A queda da taxa de junho para julho foi provocada pelos pre\u00e7os no atacado. O \u00cdndice de Pre\u00e7os ao Produtor Amplo, que mede o atacado, registrou infla\u00e7\u00e3o de 0,62% na segunda pr\u00e9via de julho, ante o 1,15% da pr\u00e9via de junho.<\/p>\n\n\n\n<p>Por outro lado, as taxas do varejo e da constru\u00e7\u00e3o civil tiveram alta. O \u00cdndice de Pre\u00e7os ao Consumidor, que mede o varejo, passou de uma defla\u00e7\u00e3o (queda de pre\u00e7os) de 0,05% em junho para uma infla\u00e7\u00e3o de 0,10% na pr\u00e9via de julho. O \u00cdndice Nacional de Custo da Constru\u00e7\u00e3o, que n\u00e3o tinha variado na pr\u00e9via de junho, registrou taxa de 0,93% em julho.<\/p>\n","protected":false},"excerpt":{"rendered":"<p>O \u00cdndice Geral de Pre\u00e7os &#8211; Mercado (IGP-M), usado no reajuste dos contratos de aluguel, registrou infla\u00e7\u00e3o de 0,53% na segunda pr\u00e9via de julho deste&hellip; <\/p>\n","protected":false},"author":1,"featured_media":105400,"comment_status":"closed","ping_status":"closed","sticky":false,"template":"","format":"standard","meta":{"sfsi_plus_gutenberg_text_before_share":"","sfsi_plus_gutenberg_show_text_before_share":"","sfsi_plus_gutenberg_icon_type":"","sfsi_plus_gutenberg_icon_alignemt":"","sfsi_plus_gutenburg_max_per_row":"","footnotes":""},"categories":[2],"tags":[],"class_list":["post-105399","post","type-post","status-publish","format-standard","has-post-thumbnail","hentry","category-geral"],"_links":{"self":[{"href":"https:\/\/www.caririemacao.com\/1\/wp-json\/wp\/v2\/posts\/105399","targetHints":{"allow":["GET"]}}],"collection":[{"href":"https:\/\/www.caririemacao.com\/1\/wp-json\/wp\/v2\/posts"}],"about":[{"href":"https:\/\/www.caririemacao.com\/1\/wp-json\/wp\/v2\/types\/post"}],"author":[{"embeddable":true,"href":"https:\/\/www.caririemacao.com\/1\/wp-json\/wp\/v2\/users\/1"}],"replies":[{"embeddable":true,"href":"https:\/\/www.caririemacao.com\/1\/wp-json\/wp\/v2\/comments?post=105399"}],"version-history":[{"count":1,"href":"https:\/\/www.caririemacao.com\/1\/wp-json\/wp\/v2\/posts\/105399\/revisions"}],"predecessor-version":[{"id":105401,"href":"https:\/\/www.caririemacao.com\/1\/wp-json\/wp\/v2\/posts\/105399\/revisions\/105401"}],"wp:featuredmedia":[{"embeddable":true,"href":"https:\/\/www.caririemacao.com\/1\/wp-json\/wp\/v2\/media\/105400"}],"wp:attachment":[{"href":"https:\/\/www.caririemacao.com\/1\/wp-json\/wp\/v2\/media?parent=105399"}],"wp:term":[{"taxonomy":"category","embeddable":true,"href":"https:\/\/www.caririemacao.com\/1\/wp-json\/wp\/v2\/categories?post=105399"},{"taxonomy":"post_tag","embeddable":true,"href":"https:\/\/www.caririemacao.com\/1\/wp-json\/wp\/v2\/tags?post=105399"}],"curies":[{"name":"wp","href":"https:\/\/api.w.org\/{rel}","templated":true}]}}