{"id":105406,"date":"2019-07-18T15:45:16","date_gmt":"2019-07-18T18:45:16","guid":{"rendered":"http:\/\/www.caririemacao.com\/1\/?p=105406"},"modified":"2019-07-18T15:45:16","modified_gmt":"2019-07-18T18:45:16","slug":"justica-aumenta-pena-de-trio-de-canibais-que-matou-e-vendeu-corpo-de-jovem-em-pernambuco","status":"publish","type":"post","link":"https:\/\/www.caririemacao.com\/1\/2019\/07\/18\/justica-aumenta-pena-de-trio-de-canibais-que-matou-e-vendeu-corpo-de-jovem-em-pernambuco\/","title":{"rendered":"Justi\u00e7a aumenta pena de trio de canibais que matou e vendeu corpo de jovem em Pernambuco"},"content":{"rendered":"\n<p>Justi\u00e7a de Pernambuco decidiu aumentar as penas de pris\u00e3o do trio de canibais que matou e vendeu o corpo de uma jovem em Pernambuco.&nbsp;A decis\u00e3o foi para as penas estabelecidas em j\u00fari popular em 2014 para o trio pelo assassinato da adolescente Jessica Camila da Silva Pereira, \u00e0 \u00e9poca com 17 anos. O pedido foi feito pelo Minist\u00e9rio P\u00fablico.&nbsp;<\/p>\n\n\n\n<p>Jorge Beltr\u00e3o Negromonte da Silveira havia sido condenado a 21&nbsp;anos e seis meses de reclus\u00e3o por homic\u00eddio qualificado e&nbsp;oculta\u00e7\u00e3o de cad\u00e1ver, al\u00e9m de um ano e seis meses de deten\u00e7\u00e3o&nbsp;por vilip\u00eandio. Agora, ter\u00e1 que cumprir 27 anos de pris\u00e3o e um&nbsp;ano e meio de deten\u00e7\u00e3o. Isabel Cristina Torre\u00e3o Pires e Bruna&nbsp;Cristina Oliveira da Silva haviam sido condenadas, cada uma, a&nbsp;19 anos de pris\u00e3o e um de deten\u00e7\u00e3o pelos mesmos crimes de&nbsp;Jorge. Com o aumento, penas passam para 24 anos de pris\u00e3o e&nbsp;um de deten\u00e7\u00e3o.&nbsp;<\/p>\n\n\n\n<p>Segundo&nbsp;a procuradora de&nbsp;justi\u00e7a do Minist\u00e9rio P\u00fablico de Pernambuco (MPPE), Eliane Gaia, o antigo tempo de pris\u00e3o foi muito pouco para o trio, uma vez que a ju\u00edza penalizou os acusados &#8216;brandamente&#8217;, disse.&nbsp;<\/p>\n\n\n\n<p><strong>Relembre o caso&nbsp; &nbsp; &nbsp; &nbsp; &nbsp; &nbsp; &nbsp; &nbsp; &nbsp; &nbsp;<br><\/strong><\/p>\n\n\n\n<p>J\u00e9ssica Camila foi assassinada em 2008, em Rio Doce, em Olinda, na Regi\u00e3o Metropolitana do Recife, mas o crime s\u00f3 foi descoberto quatro anos depois, em 2012, quando partes do seu corpo foram encontradas na parede da casa dos acusados. J\u00e9ssica era vendedora de doces em Boa Viagem, Zona Sul do Recife, e foi escolhida pelo trio por ser considerada um alvo f\u00e1cil e por ter uma filha. Ap\u00f3s o assassinato de J\u00e9ssica, Bruna Oliveira se passou pela m\u00e3e da crian\u00e7a, falsificando os documentos.&nbsp;<\/p>\n\n\n\n<p>O grupo fazia parte de uma seita chamada &#8220;Cartel&#8221;, que foi fundada por Jorge Beltr\u00e3o, e considerava J\u00e9ssica impura. Na \u00e9poca, eles alegaram que os crimes faziam parte de um ritual, o qual o corpo da v\u00edtima era dividido e o sangue servia como uma &#8220;maneira de se purificar&#8221;. O grupo tamb\u00e9m admitiu o consumo da carne humana para que houvesse uma &#8220;maior purifica\u00e7\u00e3o&#8221;.<\/p>\n","protected":false},"excerpt":{"rendered":"<p>Justi\u00e7a de Pernambuco decidiu aumentar as penas de pris\u00e3o do trio de canibais que matou e vendeu o corpo de uma jovem em Pernambuco.&nbsp;A decis\u00e3o&hellip; <\/p>\n","protected":false},"author":1,"featured_media":105407,"comment_status":"closed","ping_status":"closed","sticky":false,"template":"","format":"standard","meta":{"sfsi_plus_gutenberg_text_before_share":"","sfsi_plus_gutenberg_show_text_before_share":"","sfsi_plus_gutenberg_icon_type":"","sfsi_plus_gutenberg_icon_alignemt":"","sfsi_plus_gutenburg_max_per_row":"","footnotes":""},"categories":[12],"tags":[],"class_list":["post-105406","post","type-post","status-publish","format-standard","has-post-thumbnail","hentry","category-policia"],"_links":{"self":[{"href":"https:\/\/www.caririemacao.com\/1\/wp-json\/wp\/v2\/posts\/105406","targetHints":{"allow":["GET"]}}],"collection":[{"href":"https:\/\/www.caririemacao.com\/1\/wp-json\/wp\/v2\/posts"}],"about":[{"href":"https:\/\/www.caririemacao.com\/1\/wp-json\/wp\/v2\/types\/post"}],"author":[{"embeddable":true,"href":"https:\/\/www.caririemacao.com\/1\/wp-json\/wp\/v2\/users\/1"}],"replies":[{"embeddable":true,"href":"https:\/\/www.caririemacao.com\/1\/wp-json\/wp\/v2\/comments?post=105406"}],"version-history":[{"count":1,"href":"https:\/\/www.caririemacao.com\/1\/wp-json\/wp\/v2\/posts\/105406\/revisions"}],"predecessor-version":[{"id":105408,"href":"https:\/\/www.caririemacao.com\/1\/wp-json\/wp\/v2\/posts\/105406\/revisions\/105408"}],"wp:featuredmedia":[{"embeddable":true,"href":"https:\/\/www.caririemacao.com\/1\/wp-json\/wp\/v2\/media\/105407"}],"wp:attachment":[{"href":"https:\/\/www.caririemacao.com\/1\/wp-json\/wp\/v2\/media?parent=105406"}],"wp:term":[{"taxonomy":"category","embeddable":true,"href":"https:\/\/www.caririemacao.com\/1\/wp-json\/wp\/v2\/categories?post=105406"},{"taxonomy":"post_tag","embeddable":true,"href":"https:\/\/www.caririemacao.com\/1\/wp-json\/wp\/v2\/tags?post=105406"}],"curies":[{"name":"wp","href":"https:\/\/api.w.org\/{rel}","templated":true}]}}