{"id":105413,"date":"2019-07-18T15:50:48","date_gmt":"2019-07-18T18:50:48","guid":{"rendered":"http:\/\/www.caririemacao.com\/1\/?p=105413"},"modified":"2019-07-18T15:50:48","modified_gmt":"2019-07-18T18:50:48","slug":"prefeitura-de-s-s-do-umbuzeiro-realiza-substituicao-de-lampadas-comuns-por-leds","status":"publish","type":"post","link":"https:\/\/www.caririemacao.com\/1\/2019\/07\/18\/prefeitura-de-s-s-do-umbuzeiro-realiza-substituicao-de-lampadas-comuns-por-leds\/","title":{"rendered":"Prefeitura de S. S. do Umbuzeiro realiza substitui\u00e7\u00e3o de l\u00e2mpadas comuns por LEDs"},"content":{"rendered":"\n<p>A Prefeitura de S\u00e3o Sebasti\u00e3o do Umbuzeiro segue trabalhando para melhorar cada vez mais a infraestrutura do munic\u00edpio. Desta fez, uma importante a\u00e7\u00e3o foi realizada com objetivo de melhorar a ilumina\u00e7\u00e3o p\u00fablica da cidade.<br>A Prefeitura est\u00e1 realizando a substitui\u00e7\u00e3o de l\u00e2mpadas comuns por l\u00e2mpadas de LED. J\u00e1 foi feita a instala\u00e7\u00e3o de mais de 200 l\u00e2mpadas de LED, garantindo melhor ilumina\u00e7\u00e3o nas ruas e maior visibilidade.<br>O Prefeito Adriano Wolff disse que com a troca, a expectativa \u00e9 que o tempo de vida \u00fatil das l\u00e2mpadas seja maior, al\u00e9m de ter uma redu\u00e7\u00e3o de custos, pois as LEDs s\u00e3o mais econ\u00f4micas.<\/p>\n","protected":false},"excerpt":{"rendered":"<p>A Prefeitura de S\u00e3o Sebasti\u00e3o do Umbuzeiro segue trabalhando para melhorar cada vez mais a infraestrutura do munic\u00edpio. Desta fez, uma importante a\u00e7\u00e3o foi realizada&hellip; <\/p>\n","protected":false},"author":1,"featured_media":105414,"comment_status":"closed","ping_status":"closed","sticky":false,"template":"","format":"standard","meta":{"sfsi_plus_gutenberg_text_before_share":"","sfsi_plus_gutenberg_show_text_before_share":"","sfsi_plus_gutenberg_icon_type":"","sfsi_plus_gutenberg_icon_alignemt":"","sfsi_plus_gutenburg_max_per_row":"","footnotes":""},"categories":[6,50],"tags":[],"class_list":["post-105413","post","type-post","status-publish","format-standard","has-post-thumbnail","hentry","category-cidades","category-destaque"],"_links":{"self":[{"href":"https:\/\/www.caririemacao.com\/1\/wp-json\/wp\/v2\/posts\/105413","targetHints":{"allow":["GET"]}}],"collection":[{"href":"https:\/\/www.caririemacao.com\/1\/wp-json\/wp\/v2\/posts"}],"about":[{"href":"https:\/\/www.caririemacao.com\/1\/wp-json\/wp\/v2\/types\/post"}],"author":[{"embeddable":true,"href":"https:\/\/www.caririemacao.com\/1\/wp-json\/wp\/v2\/users\/1"}],"replies":[{"embeddable":true,"href":"https:\/\/www.caririemacao.com\/1\/wp-json\/wp\/v2\/comments?post=105413"}],"version-history":[{"count":1,"href":"https:\/\/www.caririemacao.com\/1\/wp-json\/wp\/v2\/posts\/105413\/revisions"}],"predecessor-version":[{"id":105415,"href":"https:\/\/www.caririemacao.com\/1\/wp-json\/wp\/v2\/posts\/105413\/revisions\/105415"}],"wp:featuredmedia":[{"embeddable":true,"href":"https:\/\/www.caririemacao.com\/1\/wp-json\/wp\/v2\/media\/105414"}],"wp:attachment":[{"href":"https:\/\/www.caririemacao.com\/1\/wp-json\/wp\/v2\/media?parent=105413"}],"wp:term":[{"taxonomy":"category","embeddable":true,"href":"https:\/\/www.caririemacao.com\/1\/wp-json\/wp\/v2\/categories?post=105413"},{"taxonomy":"post_tag","embeddable":true,"href":"https:\/\/www.caririemacao.com\/1\/wp-json\/wp\/v2\/tags?post=105413"}],"curies":[{"name":"wp","href":"https:\/\/api.w.org\/{rel}","templated":true}]}}