{"id":105417,"date":"2019-07-18T15:54:02","date_gmt":"2019-07-18T18:54:02","guid":{"rendered":"http:\/\/www.caririemacao.com\/1\/?p=105417"},"modified":"2019-07-18T15:54:02","modified_gmt":"2019-07-18T18:54:02","slug":"monteiro-prende-atencao-e-arranca-aplausos-na-2a-mostra-paraiba-aqui-tem-sus","status":"publish","type":"post","link":"https:\/\/www.caririemacao.com\/1\/2019\/07\/18\/monteiro-prende-atencao-e-arranca-aplausos-na-2a-mostra-paraiba-aqui-tem-sus\/","title":{"rendered":"Monteiro prende aten\u00e7\u00e3o e arranca aplausos na 2\u00aa Mostra Para\u00edba Aqui tem SUS"},"content":{"rendered":"\n<p>Dentre os profissionais de 70 munic\u00edpios da 2\u00aa Macrorregi\u00e3o de Sa\u00fade do Estado que participaram, nesta ter\u00e7a-feira (16), no audit\u00f3rio da Unifacisa, em Campina Grande, da 2\u00aa Mostra Para\u00edba Aqui tem SUS: Integra\u00e7\u00e3o da Vigil\u00e2ncia em Sa\u00fade e Aten\u00e7\u00e3o Prim\u00e1ria, o munic\u00edpio de Monteiro teve um papel de grande destaque.<\/p>\n\n\n\n<p>Na abertura da Mostra, a secret\u00e1ria executiva de Sa\u00fade do&nbsp;&nbsp;Estado, Renata N\u00f3brega, falou sobre as potencialidades do Sistema \u00danico de Sa\u00fade e sobre a troca de conhecimentos que o evento possibilitaria aos participantes. \u201cAqui poderemos discutir de forma descentralizada e acompanhar a apresenta\u00e7\u00e3o de trabalhos que podem ser implantados em outros munic\u00edpios\u201d, observou.<\/p>\n\n\n\n<p>O evento, promovido pela Secretaria de Estado da Sa\u00fade, tem como objetivo dar visibilidade \u00e0s pr\u00e1ticas de sa\u00fade, incentivando, fortalecendo experi\u00eancias regionais que apontam solu\u00e7\u00f5es para a organiza\u00e7\u00e3o do cuidado e visando \u00e0 garantia do direito \u00e0 sa\u00fade da popula\u00e7\u00e3o e neste sentido Monteiro, atrav\u00e9s do odont\u00f3logo Elvis Bruno e da secret\u00e1ria de sa\u00fade Paula Oliveira, apresentaram com grande \u00eaxito a Pesquisa Epidemiol\u00f3gica em Sa\u00fade Bucal como processo norteador das a\u00e7\u00f5es interventivas no Programa Sa\u00fade na Escola.<\/p>\n\n\n\n<div class=\"wp-block-image\"><figure class=\"alignleft\"><img decoding=\"async\" data-src=\"https:\/\/i0.wp.com\/www.vitrinedocariri.com.br\/wp-content\/uploads\/2019\/07\/Monteiro-prende-aten%C3%A7%C3%A3o-e-arranca-aplausos-na-2-Mostra-Para%C3%ADba-Aqui-tem-SUS-2.jpeg?zoom=2&amp;resize=330%2C440&amp;ssl=1\" alt=\"\" class=\"wp-image-48709 lazyload\" src=\"data:image\/svg+xml;base64,PHN2ZyB3aWR0aD0iMSIgaGVpZ2h0PSIxIiB4bWxucz0iaHR0cDovL3d3dy53My5vcmcvMjAwMC9zdmciPjwvc3ZnPg==\" \/><\/figure><\/div>\n\n\n\n<p>A apresenta\u00e7\u00e3o foi uma das apenas tr\u00eas representantes do Cariri no evento. Ovacionados ap\u00f3s a exposi\u00e7\u00e3o dos dados colhidos nas escolas da zona rural e urbana do munic\u00edpio de Monteiro, os profissionais da Secretaria Municipal de Sa\u00fade ainda puderam trocar e somar outras experi\u00eancias com diversos munic\u00edpios. \u201cAqui participamos, expomos e tamb\u00e9m nos inspiramos e trocamos informa\u00e7\u00f5es a cerca de projetos que tamb\u00e9m podem ser vi\u00e1veis no munic\u00edpio. Na verdade a Mostra \u00e9 simplesmente uma vitrine onde a sa\u00fade \u00e9 o foco, tendo em vista que assim vendo os exemplos de outras cidades, podemos avaliar a implanta\u00e7\u00e3o, como foi o caso do tratamento com espuma ecoguiada. Sabemos que alguns munic\u00edpios se inspiram em Monteiro, e assim continuamos levando e orgulhando nossa terra\u201d, conta Paula Oliveira.<\/p>\n\n\n\n<p>Al\u00e9m de representantes dos munic\u00edpios que integram a 2\u00aa Macrorregi\u00e3o, participaram do evento a presidente do Cosems (Conselho de Secretarias Municipais de Sa\u00fade), Soraia Galdino, a assessoria t\u00e9cnica do Conasems (Conselho Nacional de Secretarias Municipais de Sa\u00fade), Kandice de Melo Falc\u00e3o, a secret\u00e1ria de Sa\u00fade de Campina Grande, Luzia Pinto, a representante do Conselho Estadual de Sa\u00fade, Jaimacy Mendes, e da Unifacisa, Sidnei Soares.<\/p>\n","protected":false},"excerpt":{"rendered":"<p>Dentre os profissionais de 70 munic\u00edpios da 2\u00aa Macrorregi\u00e3o de Sa\u00fade do Estado que participaram, nesta ter\u00e7a-feira (16), no audit\u00f3rio da Unifacisa, em Campina Grande,&hellip; <\/p>\n","protected":false},"author":1,"featured_media":105418,"comment_status":"closed","ping_status":"closed","sticky":false,"template":"","format":"standard","meta":{"sfsi_plus_gutenberg_text_before_share":"","sfsi_plus_gutenberg_show_text_before_share":"","sfsi_plus_gutenberg_icon_type":"","sfsi_plus_gutenberg_icon_alignemt":"","sfsi_plus_gutenburg_max_per_row":"","footnotes":""},"categories":[6],"tags":[],"class_list":["post-105417","post","type-post","status-publish","format-standard","has-post-thumbnail","hentry","category-cidades"],"_links":{"self":[{"href":"https:\/\/www.caririemacao.com\/1\/wp-json\/wp\/v2\/posts\/105417","targetHints":{"allow":["GET"]}}],"collection":[{"href":"https:\/\/www.caririemacao.com\/1\/wp-json\/wp\/v2\/posts"}],"about":[{"href":"https:\/\/www.caririemacao.com\/1\/wp-json\/wp\/v2\/types\/post"}],"author":[{"embeddable":true,"href":"https:\/\/www.caririemacao.com\/1\/wp-json\/wp\/v2\/users\/1"}],"replies":[{"embeddable":true,"href":"https:\/\/www.caririemacao.com\/1\/wp-json\/wp\/v2\/comments?post=105417"}],"version-history":[{"count":1,"href":"https:\/\/www.caririemacao.com\/1\/wp-json\/wp\/v2\/posts\/105417\/revisions"}],"predecessor-version":[{"id":105419,"href":"https:\/\/www.caririemacao.com\/1\/wp-json\/wp\/v2\/posts\/105417\/revisions\/105419"}],"wp:featuredmedia":[{"embeddable":true,"href":"https:\/\/www.caririemacao.com\/1\/wp-json\/wp\/v2\/media\/105418"}],"wp:attachment":[{"href":"https:\/\/www.caririemacao.com\/1\/wp-json\/wp\/v2\/media?parent=105417"}],"wp:term":[{"taxonomy":"category","embeddable":true,"href":"https:\/\/www.caririemacao.com\/1\/wp-json\/wp\/v2\/categories?post=105417"},{"taxonomy":"post_tag","embeddable":true,"href":"https:\/\/www.caririemacao.com\/1\/wp-json\/wp\/v2\/tags?post=105417"}],"curies":[{"name":"wp","href":"https:\/\/api.w.org\/{rel}","templated":true}]}}